{"id":20100,"date":"2024-04-15T13:42:34","date_gmt":"2024-04-15T13:42:34","guid":{"rendered":"https:\/\/hormigaradio.com\/?p=20100"},"modified":"2024-04-15T13:42:34","modified_gmt":"2024-04-15T13:42:34","slug":"nos-vamos-en-media-vuelta-asegura-raquel-pena-sobre-elecciones-de-mayo","status":"publish","type":"post","link":"https:\/\/hormigaradio.com\/?p=20100","title":{"rendered":"&#8216;NOS VAMOS EN MEDIA VUELTA\u201d, ASEGURA RAQUEL PE\u00d1A SOBRE ELECCIONES DE MAYO"},"content":{"rendered":"<p><img loading=\"lazy\" class=\"size-full wp-image-20101 alignleft\" src=\"http:\/\/hormigaradio.com\/wp-content\/uploads\/2024\/04\/raquel.jpg\" alt=\"\" width=\"268\" height=\"188\" \/>acento.com.do<\/p>\n<p>La vicepresidenta de la Rep\u00fablica y candidata a la misma posici\u00f3n,\u00a0<strong>Raquel Pe\u00f1a<\/strong>, asegur\u00f3 que ganar\u00e1n con m\u00e1s del 65 % de los votos en las elecciones del 19 mayo, expresando que &#8220;nos vamos en media vuelta&#8221;, al ser cuestionada sobre una eventual segunda vuelta.<\/p>\n<p>Tras participar en dos marcha-caravanas que tocaron las provincias de San Juan y Peravia, junto a sus candidatos al senado, Nidio Encarnaci\u00f3n y Julito Furcal, Pe\u00f1a destac\u00f3 el entusiasmo de los sure\u00f1os \u201clos que tienen rostros de alegr\u00eda porque el cambio lleg\u00f3 a sus provincias y saben que con el triunfo de Luis Abinader con m\u00e1s del 65 % el 19 de mayo seguir\u00e1 llegando el desarrollo para toda la regi\u00f3n\u201d.<\/p>\n<p>La vicemandataria destac\u00f3 que en San Juan se han ejecutado obras por m\u00e1s de 2 mil millones de pesos, adem\u00e1s de la puesta en marcha del Plan de Desarrollo de la Provincia de San Juan por la gesti\u00f3n del presidente Luis Abinader, desde el cual se trabaja en mejorar la infraestructura productiva y en promover la canalizaci\u00f3n de recursos t\u00e9cnicos y financieros.<\/p>\n<p>Asimismo, resalt\u00f3 la puesta en funcionamiento de la\u00a0<strong>UASD-Ban\u00ed<\/strong>\u00a0con una inversi\u00f3n de m\u00e1s de 980 millones de pesos, la inauguraci\u00f3n de la planta aguas residuales por 312 millones, la reestructuraci\u00f3n y equipamiento del Hospital Nuestra Se\u00f1ora de Regla de Ban\u00ed, con una inversi\u00f3n superior a los 225 millones de pesos.<\/p>\n<p>De igual forma, tambi\u00e9n present\u00f3 obras como la construcci\u00f3n de los puentes de Villa G\u00fcera y el del distrito municipal de Villa Fundaci\u00f3n, que tendr\u00e1n una inversi\u00f3n de m\u00e1s de RD 234 millones.<\/p>\n<p>No hemos dejado a las familias solas, &#8220;hemos entregado m\u00e1s de 2,000 tarjetas a igual n\u00famero de familias de escasos recursos, con montos de RD$ 1,650\u2033.<\/p>\n<div class=\"banner-box\"><\/div>\n<p>&#8220;En los pr\u00f3ximos meses iniciaremos el plan de asfaltado en Paya que asciende a una inversi\u00f3n de alrededor de RD$ 300 millones y beneficiar\u00e1 a 128 mil habitantes&#8221;, dijo Pe\u00f1a.<\/p>\n<p>Sobre el apoyo a j\u00f3venes, dijo: &#8220;Estamos convencidos de la fortaleza de la educaci\u00f3n t\u00e9cnica para la empleabilidad, por eso pusimos en manos de todos el centro tecnol\u00f3gico del Infotep especializado en transporte y log\u00edstica, que beneficia a m\u00e1s 27,000 estudiantes, ustedes lo conocen como el Centro Tecnol\u00f3gico Jos\u00e9 Alberto Mad\u00e9&#8221;.<\/p>\n<p>&#8220;Ustedes en la provincia Peravia ya disfrutan del Sistema Nacional de Transporte Estudiantil (TRAE), un respiro para los padres y m\u00e1s seguridad para sus hijos, que tambi\u00e9n garantiza su educaci\u00f3n&#8221;, manifest\u00f3.<\/p>\n<p>Adem\u00e1s, agreg\u00f3 que \u201cEn el sur los mejor est\u00e1 por venir. En casi cuatro a\u00f1os hemos cambiado su rostro. Hemos invertido en la regi\u00f3n sur con m\u00e1s eficiencia que los gobiernos anteriores&#8221;.<\/p>\n<p>Explic\u00f3: \u201cno es casualidad que el pa\u00eds se prepare para elegir a Luis Abinader con m\u00e1s del 65%, esta votaci\u00f3n hist\u00f3rica ser\u00e1 el resultado del trabajo por y para la gente, es cuando las obras hablan. Estamos frente a la convicci\u00f3n del pueblo dominicano de que hay que continuar avanzando\u201d.<\/p>\n<p>Impactos: 38<\/p>","protected":false},"excerpt":{"rendered":"<p>acento.com.do La vicepresidenta de la Rep\u00fablica y candidata a la misma posici\u00f3n,\u00a0Raquel Pe\u00f1a, asegur\u00f3 que ganar\u00e1n con m\u00e1s del 65 % de los votos<\/p>\n","protected":false},"author":3,"featured_media":20101,"comment_status":"closed","ping_status":"closed","sticky":false,"template":"","format":"standard","meta":[],"categories":[6],"tags":[],"_links":{"self":[{"href":"https:\/\/hormigaradio.com\/index.php?rest_route=\/wp\/v2\/posts\/20100"}],"collection":[{"href":"https:\/\/hormigaradio.com\/index.php?rest_route=\/wp\/v2\/posts"}],"about":[{"href":"https:\/\/hormigaradio.com\/index.php?rest_route=\/wp\/v2\/types\/post"}],"author":[{"embeddable":true,"href":"https:\/\/hormigaradio.com\/index.php?rest_route=\/wp\/v2\/users\/3"}],"replies":[{"embeddable":true,"href":"https:\/\/hormigaradio.com\/index.php?rest_route=%2Fwp%2Fv2%2Fcomments&post=20100"}],"version-history":[{"count":1,"href":"https:\/\/hormigaradio.com\/index.php?rest_route=\/wp\/v2\/posts\/20100\/revisions"}],"predecessor-version":[{"id":20102,"href":"https:\/\/hormigaradio.com\/index.php?rest_route=\/wp\/v2\/posts\/20100\/revisions\/20102"}],"wp:featuredmedia":[{"embeddable":true,"href":"https:\/\/hormigaradio.com\/index.php?rest_route=\/wp\/v2\/media\/20101"}],"wp:attachment":[{"href":"https:\/\/hormigaradio.com\/index.php?rest_route=%2Fwp%2Fv2%2Fmedia&parent=20100"}],"wp:term":[{"taxonomy":"category","embeddable":true,"href":"https:\/\/hormigaradio.com\/index.php?rest_route=%2Fwp%2Fv2%2Fcategories&post=20100"},{"taxonomy":"post_tag","embeddable":true,"href":"https:\/\/hormigaradio.com\/index.php?rest_route=%2Fwp%2Fv2%2Ftags&post=20100"}],"curies":[{"name":"wp","href":"https:\/\/api.w.org\/{rel}","templated":true}]}}