{"id":20121,"date":"2024-04-19T00:54:34","date_gmt":"2024-04-19T00:54:34","guid":{"rendered":"https:\/\/hormigaradio.com\/?p=20121"},"modified":"2024-04-19T03:21:01","modified_gmt":"2024-04-19T03:21:01","slug":"la-semanal-sera-en-santiago","status":"publish","type":"post","link":"https:\/\/hormigaradio.com\/?p=20121","title":{"rendered":"LA SEMANAL SER\u00c1 EN SANTIAGO ESTE LUNES 22 DE ABRIL"},"content":{"rendered":"<p><img loading=\"lazy\" class=\"alignnone wp-image-15152\" src=\"http:\/\/hormigaradio.com\/wp-content\/uploads\/2022\/01\/FIRMA-para-Hormiga-Radio-300x158.jpeg\" alt=\"\" width=\"80\" height=\"42\" \/><\/p>\n<p>Presidente Abinader realizar\u00e1 este lunes encuentro LA Semanal con la Prensa desde Santiago<\/p>\n<p>El vocero de la Presidencia, Homero Figueroa, inform\u00f3 que el encuentro con los medios de comunicaci\u00f3n, LA Semanal con la Prensa, se realizar\u00e1 en la ciudad de Santiago el pr\u00f3ximo lunes 22 de abril.<\/p>\n<p>Este tendr\u00e1 lugar en el lobby del Gran Teatro del Cibao a las 3:00 de la tarde.<\/p>\n<p>Anteriormente LA Semanal con la Prensa ha sido realizada en la ciudad de Nueva York, as\u00ed como en las provincias de San Pedro de Macor\u00eds y Duarte.<\/p>\n<p>Cada semana el mandatario presenta, a trav\u00e9s de este espacio, los avances de las instituciones p\u00fablicas y responde preguntas sobre temas actuales de inter\u00e9s nacional.<\/p>\n<p>Direcci\u00f3n de Prensa del Presidente<\/p>\n<p>Impactos: 35<\/p>","protected":false},"excerpt":{"rendered":"<p>Presidente Abinader realizar\u00e1 este lunes encuentro LA Semanal con la Prensa desde Santiago El vocero de la Presidencia, Homero Figueroa, inform\u00f3 que el encuentro<\/p>\n","protected":false},"author":3,"featured_media":20123,"comment_status":"closed","ping_status":"closed","sticky":false,"template":"","format":"standard","meta":[],"categories":[3],"tags":[],"_links":{"self":[{"href":"https:\/\/hormigaradio.com\/index.php?rest_route=\/wp\/v2\/posts\/20121"}],"collection":[{"href":"https:\/\/hormigaradio.com\/index.php?rest_route=\/wp\/v2\/posts"}],"about":[{"href":"https:\/\/hormigaradio.com\/index.php?rest_route=\/wp\/v2\/types\/post"}],"author":[{"embeddable":true,"href":"https:\/\/hormigaradio.com\/index.php?rest_route=\/wp\/v2\/users\/3"}],"replies":[{"embeddable":true,"href":"https:\/\/hormigaradio.com\/index.php?rest_route=%2Fwp%2Fv2%2Fcomments&post=20121"}],"version-history":[{"count":3,"href":"https:\/\/hormigaradio.com\/index.php?rest_route=\/wp\/v2\/posts\/20121\/revisions"}],"predecessor-version":[{"id":20125,"href":"https:\/\/hormigaradio.com\/index.php?rest_route=\/wp\/v2\/posts\/20121\/revisions\/20125"}],"wp:featuredmedia":[{"embeddable":true,"href":"https:\/\/hormigaradio.com\/index.php?rest_route=\/wp\/v2\/media\/20123"}],"wp:attachment":[{"href":"https:\/\/hormigaradio.com\/index.php?rest_route=%2Fwp%2Fv2%2Fmedia&parent=20121"}],"wp:term":[{"taxonomy":"category","embeddable":true,"href":"https:\/\/hormigaradio.com\/index.php?rest_route=%2Fwp%2Fv2%2Fcategories&post=20121"},{"taxonomy":"post_tag","embeddable":true,"href":"https:\/\/hormigaradio.com\/index.php?rest_route=%2Fwp%2Fv2%2Ftags&post=20121"}],"curies":[{"name":"wp","href":"https:\/\/api.w.org\/{rel}","templated":true}]}}