{"id":20189,"date":"2024-04-30T18:36:32","date_gmt":"2024-04-30T18:36:32","guid":{"rendered":"https:\/\/hormigaradio.com\/?p=20189"},"modified":"2024-04-30T18:47:00","modified_gmt":"2024-04-30T18:47:00","slug":"padre-entre-a-su-hijo-a-la-policia-tras-ser-buscado-por-delitos-video","status":"publish","type":"post","link":"https:\/\/hormigaradio.com\/?p=20189","title":{"rendered":"PADRE ENTREGA A SU HIJO A LA POLIC\u00cdA, TRAS SER BUSCADO POR DELITOS (V\u00eddeo)"},"content":{"rendered":"<p><img loading=\"lazy\" class=\"alignnone wp-image-15152\" src=\"http:\/\/hormigaradio.com\/wp-content\/uploads\/2022\/01\/FIRMA-para-Hormiga-Radio-300x158.jpeg\" alt=\"\" width=\"80\" height=\"42\" \/><\/p>\n<p>La Polic\u00eda Nacional informa sobre la entrega a las autoridades de un joven que era activamente buscado por herir de bala, una adolescente de 14 a\u00f1os y un se\u00f1or en hechos separados, en compa\u00f1\u00eda de otro en proceso de identificaci\u00f3n y captura por la instituci\u00f3n del orden, en el distrito municipal Santiago Oeste, en fechas 26 y 27 de marzo de este a\u00f1o en curso.<\/p>\n<p><iframe loading=\"lazy\"  id=\"_ytid_85205\" width=\"715\" height=\"402\"  data-origwidth=\"715\" data-origheight=\"402\"  src=\"https:\/\/www.youtube.com\/embed\/Jy8-BGNTGss?enablejsapi=1&#038;autoplay=0&#038;cc_load_policy=0&#038;iv_load_policy=1&#038;loop=0&#038;modestbranding=0&#038;rel=1&#038;fs=1&#038;playsinline=0&#038;autohide=2&#038;theme=dark&#038;color=red&#038;controls=1&#038;\" class=\"__youtube_prefs__\" title=\"YouTube player\"  allow=\"autoplay; encrypted-media\" allowfullscreen data-no-lazy=\"1\" data-skipgform_ajax_framebjll=\"\"><\/iframe><\/p>\n<p>Se trata de Jos\u00e9 Gustavo M\u00e9ndez Espinal (Cheito), quien fue presentado y estregado por sus familiares, en el despacho del director regional, general Jim\u00e9nez Reinoso en el d\u00eda de ayer, quien garantiz\u00f3 su integridad f\u00edsica, sus derechos civiles y posteriormente puesto bajo arresto por agentes de Homicidios.<\/p>\n<p>De acuerdo al informe policial, este era buscado mediante \u00f3rdenes de arresto por herir de bala a una adolescente en el sector El Semillero II y herir del mismo tipo a Rafael Argenis Puello Fern\u00e1ndez (Neno), por alegadas rencillas personales, en el Ensanche La Fe del citado distrito municipal.<\/p>\n<p>El detenido ademas est\u00e1 siendo investigado por los agentes policiales, con relaci\u00f3n a otros casos del mismo tipo que se le imputan, para que responda por los mismos.<\/p>\n<p>Cheito al ser depurado en nuestro sistema policial, figura con un registro por porte ilegal de arma de fuego en el a\u00f1o 2023, el mismo est\u00e1 en poder del Ministerio P\u00fablico, para los fines legales correspondientes.<\/p>\n<p>Impactos: 31<\/p>","protected":false},"excerpt":{"rendered":"<p>La Polic\u00eda Nacional informa sobre la entrega a las autoridades de un joven que era activamente buscado por herir de bala, una adolescente de<\/p>\n","protected":false},"author":3,"featured_media":13417,"comment_status":"closed","ping_status":"closed","sticky":false,"template":"","format":"standard","meta":[],"categories":[3],"tags":[],"_links":{"self":[{"href":"https:\/\/hormigaradio.com\/index.php?rest_route=\/wp\/v2\/posts\/20189"}],"collection":[{"href":"https:\/\/hormigaradio.com\/index.php?rest_route=\/wp\/v2\/posts"}],"about":[{"href":"https:\/\/hormigaradio.com\/index.php?rest_route=\/wp\/v2\/types\/post"}],"author":[{"embeddable":true,"href":"https:\/\/hormigaradio.com\/index.php?rest_route=\/wp\/v2\/users\/3"}],"replies":[{"embeddable":true,"href":"https:\/\/hormigaradio.com\/index.php?rest_route=%2Fwp%2Fv2%2Fcomments&post=20189"}],"version-history":[{"count":2,"href":"https:\/\/hormigaradio.com\/index.php?rest_route=\/wp\/v2\/posts\/20189\/revisions"}],"predecessor-version":[{"id":20192,"href":"https:\/\/hormigaradio.com\/index.php?rest_route=\/wp\/v2\/posts\/20189\/revisions\/20192"}],"wp:featuredmedia":[{"embeddable":true,"href":"https:\/\/hormigaradio.com\/index.php?rest_route=\/wp\/v2\/media\/13417"}],"wp:attachment":[{"href":"https:\/\/hormigaradio.com\/index.php?rest_route=%2Fwp%2Fv2%2Fmedia&parent=20189"}],"wp:term":[{"taxonomy":"category","embeddable":true,"href":"https:\/\/hormigaradio.com\/index.php?rest_route=%2Fwp%2Fv2%2Fcategories&post=20189"},{"taxonomy":"post_tag","embeddable":true,"href":"https:\/\/hormigaradio.com\/index.php?rest_route=%2Fwp%2Fv2%2Ftags&post=20189"}],"curies":[{"name":"wp","href":"https:\/\/api.w.org\/{rel}","templated":true}]}}