{"id":20199,"date":"2024-05-01T03:58:54","date_gmt":"2024-05-01T03:58:54","guid":{"rendered":"https:\/\/hormigaradio.com\/?p=20199"},"modified":"2024-05-01T04:00:33","modified_gmt":"2024-05-01T04:00:33","slug":"20199","status":"publish","type":"post","link":"https:\/\/hormigaradio.com\/?p=20199","title":{"rendered":"LEONEL INSISTE EN ACUSAR A LUIS DE MANIPULAR LAS ESTAD\u00cdSTICAS CON INTENCI\u00d3N DE SER REELECTO"},"content":{"rendered":"<figure><a title=\"Servicios de Acento.com.do\" href=\"https:\/\/acento.com.do\/autor\/servicios.html\"><img class=\"i-amphtml-fill-content i-amphtml-replaced-content\" src=\"https:\/\/media.acento.com.do\/media\/storage02\/uploads\/2023\/06\/Coverimage-user-1-50x50.webp\" alt=\"Servicios de Acento.com.do\" \/><\/a><\/figure>\n<div class=\"extra-holder\">\n<p>Por\u00a0<span class=\"name font-700\"><a title=\"Servicios de Acento.com.do\" href=\"https:\/\/acento.com.do\/autor\/servicios.html\">Servicios de Acento.com.do<\/a><\/span><\/p>\n<div class=\"flex-container align-center\">El candidato presidencial del opositor partido Fuerza del Pueblo, Leonel Fern\u00e1ndez, reiter\u00f3 este martes sus cr\u00edticas y ataques al presidente Luis Abinader, a quien atribuy\u00f3 manipular las cifras de manera deliberada, solo con la finalidad de lograr la reelecci\u00f3n el 19 de mayo.<\/div>\n<\/div>\n<p>&#8220;Usted deliberadamente, intencionalmente ha manipulado las cifras para obtener la reelecci\u00f3n&#8221;, se\u00f1al\u00f3 el pol\u00edtico que ha gobernado Rep\u00fablica Dominicana en tres ocasiones,\u00a0 1996-2000, 2004-2008 y 2008-2012 cuando lideraba el Partido de la Liberaci\u00f3n Dominicana (PLD).<\/p>\n<div><iframe loading=\"lazy\" title=\"Leonel insiste en acusar a Luis de manipular las estadi\u0301sticas con intencio\u0301n de ser reelecto\" src=\"https:\/\/player.vimeo.com\/video\/941359169?title=0&amp;amp;byline=0\" width=\"425\" height=\"350\" frameborder=\"0\" data-mce-fragment=\"1\" data-ready=\"true\"><\/iframe><\/div>\n<p>&nbsp;<\/p>\n<p>A juicio de Fern\u00e1ndez son inconsistentes los datos que publicita el gobierno y sostuvo que de liderar la regi\u00f3n de Centroam\u00e9rica en crecimiento econ\u00f3mico, Rep\u00fablica Dominicana est\u00e1 ahora por debajo de &#8220;todos los pa\u00edses de la regi\u00f3n&#8221;.<\/p>\n<p>En la charla que llama &#8220;La Voz del Pueblo&#8221;, el candidato presidencial dijo que el crecimiento promedio real de la econom\u00eda del pa\u00eds es de un 1.9% del PIB, tomando en cuenta el rebote estad\u00edstico registrado tras el cierre de la econom\u00eda a causa de la pandemia.<\/p>\n<p>Seg\u00fan Leonel Fern\u00e1ndez, el presidente Luis Abinader se &#8220;ponch\u00f3&#8221; en el ejercicio de la Presidencia de la Rep\u00fablica, y ha estancado el crecimiento econ\u00f3mico.<\/p>\n<div class=\"banner-box\"><\/div>\n<p>Critic\u00f3 que el presidente Abinader est\u00e9 compitiendo con miras a la reelecci\u00f3n.<\/p>\n<p>Sostuvo que el actual mandatario hab\u00eda prometido crear un mill\u00f3n de empleos, y hasta el momento solo se han creado 8 mil 197 empleos formales.<\/p>\n<p>Argument\u00f3 que la ausencia de pol\u00edticas laborales y la escasa &#8220;capacidad innovadora&#8221; del presente gobierno ha tra\u00eddo un freno a la expansi\u00f3n de la clase media en la Rep\u00fablica Dominicana.<\/p>\n<p>En la nota enviada por la direcci\u00f3n de comunicaci\u00f3n del partido Fuerza del Pueblo, se resalta que Leonel Fern\u00e1ndez dijo que los grupos m\u00e1s golpeados por el desempleo son las mujeres y la juventud.<\/p>\n<p>&#8220;En el caso de las mujeres, la tasa de desempleo duplica a la de los hombres, mientras que, las personas en las edades de 15 a 39 a\u00f1os representan el 44% de desempleadas. Algunas de las \u00e1reas que ameritan incentivar la creaci\u00f3n de plazas de empleos, citadas por Fern\u00e1ndez son: agropecuaria, salud y asistencia social; energ\u00eda, gas y agua; y en la industria&#8221;, expres\u00f3 el candidato presidencial.<\/p>\n<p>Impactos: 41<\/p>","protected":false},"excerpt":{"rendered":"<p>Por\u00a0Servicios de Acento.com.do El candidato presidencial del opositor partido Fuerza del Pueblo, Leonel Fern\u00e1ndez, reiter\u00f3 este martes sus cr\u00edticas y ataques al presidente Luis<\/p>\n","protected":false},"author":3,"featured_media":20081,"comment_status":"closed","ping_status":"closed","sticky":false,"template":"","format":"standard","meta":[],"categories":[6],"tags":[],"_links":{"self":[{"href":"https:\/\/hormigaradio.com\/index.php?rest_route=\/wp\/v2\/posts\/20199"}],"collection":[{"href":"https:\/\/hormigaradio.com\/index.php?rest_route=\/wp\/v2\/posts"}],"about":[{"href":"https:\/\/hormigaradio.com\/index.php?rest_route=\/wp\/v2\/types\/post"}],"author":[{"embeddable":true,"href":"https:\/\/hormigaradio.com\/index.php?rest_route=\/wp\/v2\/users\/3"}],"replies":[{"embeddable":true,"href":"https:\/\/hormigaradio.com\/index.php?rest_route=%2Fwp%2Fv2%2Fcomments&post=20199"}],"version-history":[{"count":2,"href":"https:\/\/hormigaradio.com\/index.php?rest_route=\/wp\/v2\/posts\/20199\/revisions"}],"predecessor-version":[{"id":20201,"href":"https:\/\/hormigaradio.com\/index.php?rest_route=\/wp\/v2\/posts\/20199\/revisions\/20201"}],"wp:featuredmedia":[{"embeddable":true,"href":"https:\/\/hormigaradio.com\/index.php?rest_route=\/wp\/v2\/media\/20081"}],"wp:attachment":[{"href":"https:\/\/hormigaradio.com\/index.php?rest_route=%2Fwp%2Fv2%2Fmedia&parent=20199"}],"wp:term":[{"taxonomy":"category","embeddable":true,"href":"https:\/\/hormigaradio.com\/index.php?rest_route=%2Fwp%2Fv2%2Fcategories&post=20199"},{"taxonomy":"post_tag","embeddable":true,"href":"https:\/\/hormigaradio.com\/index.php?rest_route=%2Fwp%2Fv2%2Ftags&post=20199"}],"curies":[{"name":"wp","href":"https:\/\/api.w.org\/{rel}","templated":true}]}}