{"id":20204,"date":"2024-05-02T01:13:20","date_gmt":"2024-05-02T01:13:20","guid":{"rendered":"https:\/\/hormigaradio.com\/?p=20204"},"modified":"2024-05-02T01:17:54","modified_gmt":"2024-05-02T01:17:54","slug":"trabajadores-transporte-estan-convencidos-monorriel-y-teleferico-lo-dejara-sin-comida","status":"publish","type":"post","link":"https:\/\/hormigaradio.com\/?p=20204","title":{"rendered":"TRABAJADORES TRANSPORTE EST\u00c1N CONVENCIDOS MONORRIEL Y TELEF\u00c9RICO LO DEJAR\u00c1 SIN COMIDA"},"content":{"rendered":"<p>Por\u00a0<span class=\"name font-700\"><a title=\"M\u00e1ximo Laureano\" href=\"https:\/\/acento.com.do\/autor\/mlaureano.html\">M\u00e1ximo Laureano<\/a><\/span><\/p>\n<p>Trabajadores del transporte de pasajeros en las rutas urbanas de Santiago, advirtieron que la operatividad de los sistemas monorriel y telef\u00e9rico dejar\u00e1 sin comida a unas 30 mil personas y sectores que por m\u00e1s de cuatro d\u00e9cadas han cargado en hombros este servicio.<\/p>\n<p>En una manifestaci\u00f3n por el D\u00eda Internacional del Trabajo, los representantes de las rutas afiliadas a la Confederaci\u00f3n Nacional de Trabajadores del Transporte\u00a0<strong>(CNTT),<\/strong>\u00a0se quejaron de que las autoridades responsables de crear los nuevos sistemas no han tomado en cuenta a los \u201cchiquitos\u201d y denunciaron que se pretende entregar todos los corredores a empresas privadas, como ya ha pasado en\u00a0<strong>Santo Domingo<\/strong>.<\/p>\n<div><iframe loading=\"lazy\" title=\"Trabajadores transporte est\u00e1n convencidos monorriel y telef\u00e9rico lo dejar\u00e1 sin comida\" src=\"https:\/\/player.vimeo.com\/video\/941714128?title=0&amp;amp;byline=0\" width=\"425\" height=\"350\" frameborder=\"0\" data-mce-fragment=\"1\" data-ready=\"true\"><\/iframe><\/div>\n<p>En relaci\u00f3n a las denuncias,\u00a0<strong>Juan Marte<\/strong>, presidente de la\u00a0<strong>CNTT,<\/strong>\u00a0advirti\u00f3 que son m\u00e1s de 30 mil los trabajadores de rutas que &#8220;se quedar\u00e1n sin su comida&#8221;, porque ser\u00e1n desplazados por la actualizaci\u00f3n y modernizaci\u00f3n del transporte en Santiago.<\/p>\n<p>\u201cUn sistema de transporte que amenaza con dejar sin sustento a los choferes de Santiago el pa\u00eds\u201d, sostuvo\u00a0<strong>Marte<\/strong> al encabezar una caminata que parti\u00f3 desde el Hotel Mat\u00fan, en la avenida Las Carreras y que lleg\u00f3 hasta la\u00a0 avenida Juan Pablo Duarte, donde se honr\u00f3 al padre del a patria con una ofrenda floral.<\/p>\n<p><strong>Marte<\/strong>\u00a0dijo que no est\u00e1 en desacuerdo con la modernizaci\u00f3n del transporte de esta ciudad Santiago de los Caballeros, pero record\u00f3 al Gobierno que \u201cdebajo del puente\u00a0del r\u00edo hay un\u00a0mundo de gente\u201d, citando la canci\u00f3n del cantautor espa\u00f1ol, Pedro Guerra.<\/p>\n<div class=\"banner-box\"><\/div>\n<p>El presidente de la\u00a0<strong>CNTT<\/strong>\u00a0dijo que el Gobierno ha jugado con \u201ccartas marcadas\u201d a los trabajadores del transporte en Santiago y la Capital, porque le han hecho creer una cosa, pero que se ha obrado diferente.<\/p>\n<p>El Gobierno invierte, desde el 2021, RD$ 38 mil millones en la modernizaci\u00f3n del transporte de pasajeros en Santiago de los Caballeros. El 18 de marzo del 2024, se abri\u00f3 la primera etapa del telef\u00e9rico de Santiago, cuyo cobro al p\u00fablico inici\u00f3 este 01 de mayo.<\/p>\n<p>El monorriel empezar\u00eda a operar a principios del 2025, en un primer tramo que une el distrito municipal Santiago Oeste (Cienfuegos), (estaci\u00f3n 01), con el centro urbano de Santiago (estaci\u00f3n central), seg\u00fan han anunciado las autoridades.<\/p>\n<p>Impactos: 32<\/p>","protected":false},"excerpt":{"rendered":"<p>Por\u00a0M\u00e1ximo Laureano Trabajadores del transporte de pasajeros en las rutas urbanas de Santiago, advirtieron que la operatividad de los sistemas monorriel y telef\u00e9rico dejar\u00e1<\/p>\n","protected":false},"author":3,"featured_media":20206,"comment_status":"closed","ping_status":"closed","sticky":false,"template":"","format":"standard","meta":[],"categories":[8],"tags":[],"_links":{"self":[{"href":"https:\/\/hormigaradio.com\/index.php?rest_route=\/wp\/v2\/posts\/20204"}],"collection":[{"href":"https:\/\/hormigaradio.com\/index.php?rest_route=\/wp\/v2\/posts"}],"about":[{"href":"https:\/\/hormigaradio.com\/index.php?rest_route=\/wp\/v2\/types\/post"}],"author":[{"embeddable":true,"href":"https:\/\/hormigaradio.com\/index.php?rest_route=\/wp\/v2\/users\/3"}],"replies":[{"embeddable":true,"href":"https:\/\/hormigaradio.com\/index.php?rest_route=%2Fwp%2Fv2%2Fcomments&post=20204"}],"version-history":[{"count":2,"href":"https:\/\/hormigaradio.com\/index.php?rest_route=\/wp\/v2\/posts\/20204\/revisions"}],"predecessor-version":[{"id":20207,"href":"https:\/\/hormigaradio.com\/index.php?rest_route=\/wp\/v2\/posts\/20204\/revisions\/20207"}],"wp:featuredmedia":[{"embeddable":true,"href":"https:\/\/hormigaradio.com\/index.php?rest_route=\/wp\/v2\/media\/20206"}],"wp:attachment":[{"href":"https:\/\/hormigaradio.com\/index.php?rest_route=%2Fwp%2Fv2%2Fmedia&parent=20204"}],"wp:term":[{"taxonomy":"category","embeddable":true,"href":"https:\/\/hormigaradio.com\/index.php?rest_route=%2Fwp%2Fv2%2Fcategories&post=20204"},{"taxonomy":"post_tag","embeddable":true,"href":"https:\/\/hormigaradio.com\/index.php?rest_route=%2Fwp%2Fv2%2Ftags&post=20204"}],"curies":[{"name":"wp","href":"https:\/\/api.w.org\/{rel}","templated":true}]}}