{"id":20208,"date":"2024-05-02T01:20:14","date_gmt":"2024-05-02T01:20:14","guid":{"rendered":"https:\/\/hormigaradio.com\/?p=20208"},"modified":"2024-05-02T01:23:15","modified_gmt":"2024-05-02T01:23:15","slug":"dirigente-adp-califica-como-destempladas-valoraciones-del-presidente-sobre-reclamo-salarial","status":"publish","type":"post","link":"https:\/\/hormigaradio.com\/?p=20208","title":{"rendered":"DIRIGENTE ADP CALIFICA COMO \u201cDESTEMPLADAS\u201d VALORACIONES DEL PRESIDENTE SOBRE RECLAMO SALARIAL"},"content":{"rendered":"<p>Por\u00a0<span class=\"name font-700\"><a title=\"M\u00e1ximo Laureano\" href=\"https:\/\/acento.com.do\/autor\/mlaureano.html\">M\u00e1ximo Laureano<\/a><\/span><\/p>\n<p>El vocero de la Asociaci\u00f3n Dominicana de Profesores (<strong>ADP<\/strong>) en Santiago, Miguel Jorge, calific\u00f3 como \u201cdestempladas\u201d las valoraciones del presidente de la Rep\u00fablica,\u00a0<strong>Luis Abinader<\/strong>, en relaci\u00f3n a las protestas de los maestros por aumento salarial.<\/p>\n<p>Cientos de educadores que pertenecen a este gremio se concentraron este mi\u00e9rcoles 01 de mayo del 2024, al pie del edificio de oficinas gubernamentales Presidente Antonio Guzm\u00e1n Fern\u00e1ndez\u00a0<strong>(Huacalito),<\/strong>\u00a0en la avenida\u00a0<strong>Salvador Estrella Sadhal\u00e1<\/strong>, en Santiago, para reclamar al\u00a0<strong>Ministerio de Educaci\u00f3n<\/strong>\u00a0un aumento salarial de un 20 %.<\/p>\n<div><iframe loading=\"lazy\" title=\"Protesta ADP en Santiago\" src=\"https:\/\/player.vimeo.com\/video\/941629778?title=0&amp;amp;byline=0\" width=\"425\" height=\"350\" frameborder=\"0\" data-mce-fragment=\"1\" data-ready=\"true\"><\/iframe><\/div>\n<p>&nbsp;<\/p>\n<p>En la arenga a los profesores y profesoras, Miguel Jorge destac\u00f3 como aspecto negativo que el presidente de la Rep\u00fablica se haya preguntado porqu\u00e9 las manifestaciones se hacen en este momento, cuando hay un acuerdo firmado por las autoridades y la\u00a0<strong>ADP,<\/strong>\u00a0en el cual se establece los aumentos se empezar\u00edan discutir en el abril de este a\u00f1o.<\/p>\n<p>\u201cAl se\u00f1or presidente de la Rep\u00fablica, Luis Rodolfo Abinader Corona, que el d\u00eda de ayer nos sorprendi\u00f3 a todos con unas declaraciones que, para nosotros, han resultado muy destempladas y no esper\u00e1bamos eso. El se\u00f1or presidente ha preguntado que por qu\u00e9 ahora\u201d, dijo Jorge.<\/p>\n<figure class=\"no-caption\"><img class=\"i-amphtml-fill-content i-amphtml-replaced-content\" title=\"Dirigente-ADP-califica-como-destempladas-valoraciones-del-presidente-sobre-reclamo-salarial-1-728x410\" src=\"https:\/\/media.acento.com.do\/media\/storage02\/uploads\/2024\/05\/Dirigente-ADP-califica-como-destempladas-valoraciones-del-presidente-sobre-reclamo-salarial-1-728x410.webp\" alt=\"Dirigente-ADP-califica-como-destempladas-valoraciones-del-presidente-sobre-reclamo-salarial-1-728x410\" \/><\/figure>\n<p>El activista de la\u00a0<strong>ADP<\/strong>\u00a0agreg\u00f3 que los profesores han salido a las calles ahora porque fueron las autoridades del\u00a0<strong>Ministerio de Educaci\u00f3n<\/strong>, al frente el ministro\u00a0<strong>\u00c1ngel Hern\u00e1ndez<\/strong>, quienes lo decidieron.<\/p>\n<div class=\"banner-box\"><\/div>\n<p>\u201cLo hacemos ahora porque el costo de la vida se ha elevado de manera extraordinaria y el salario de los maestros se ha deprimido\u201d, dijo Jorge.<\/p>\n<p>Los profesores, concentrados en Santiago tras un d\u00eda sin docencias en las escuelas de administraci\u00f3n estatal, se marcharon de la manifestaci\u00f3n luego de entregar la documentaci\u00f3n que avala sus exigencias en la sede de la Regional 08 del Ministerio de Educaci\u00f3n, en el edificio Presidente Guzm\u00e1n Fern\u00e1ndez.<\/p>\n<p>Impactos: 31<\/p>","protected":false},"excerpt":{"rendered":"<p>Por\u00a0M\u00e1ximo Laureano El vocero de la Asociaci\u00f3n Dominicana de Profesores (ADP) en Santiago, Miguel Jorge, calific\u00f3 como \u201cdestempladas\u201d las valoraciones del presidente de la<\/p>\n","protected":false},"author":3,"featured_media":20210,"comment_status":"closed","ping_status":"closed","sticky":false,"template":"","format":"standard","meta":[],"categories":[8],"tags":[],"_links":{"self":[{"href":"https:\/\/hormigaradio.com\/index.php?rest_route=\/wp\/v2\/posts\/20208"}],"collection":[{"href":"https:\/\/hormigaradio.com\/index.php?rest_route=\/wp\/v2\/posts"}],"about":[{"href":"https:\/\/hormigaradio.com\/index.php?rest_route=\/wp\/v2\/types\/post"}],"author":[{"embeddable":true,"href":"https:\/\/hormigaradio.com\/index.php?rest_route=\/wp\/v2\/users\/3"}],"replies":[{"embeddable":true,"href":"https:\/\/hormigaradio.com\/index.php?rest_route=%2Fwp%2Fv2%2Fcomments&post=20208"}],"version-history":[{"count":1,"href":"https:\/\/hormigaradio.com\/index.php?rest_route=\/wp\/v2\/posts\/20208\/revisions"}],"predecessor-version":[{"id":20209,"href":"https:\/\/hormigaradio.com\/index.php?rest_route=\/wp\/v2\/posts\/20208\/revisions\/20209"}],"wp:featuredmedia":[{"embeddable":true,"href":"https:\/\/hormigaradio.com\/index.php?rest_route=\/wp\/v2\/media\/20210"}],"wp:attachment":[{"href":"https:\/\/hormigaradio.com\/index.php?rest_route=%2Fwp%2Fv2%2Fmedia&parent=20208"}],"wp:term":[{"taxonomy":"category","embeddable":true,"href":"https:\/\/hormigaradio.com\/index.php?rest_route=%2Fwp%2Fv2%2Fcategories&post=20208"},{"taxonomy":"post_tag","embeddable":true,"href":"https:\/\/hormigaradio.com\/index.php?rest_route=%2Fwp%2Fv2%2Ftags&post=20208"}],"curies":[{"name":"wp","href":"https:\/\/api.w.org\/{rel}","templated":true}]}}