{"id":20215,"date":"2024-05-02T01:37:51","date_gmt":"2024-05-02T01:37:51","guid":{"rendered":"https:\/\/hormigaradio.com\/?p=20215"},"modified":"2024-05-02T01:38:46","modified_gmt":"2024-05-02T01:38:46","slug":"el-prm-y-aliados-con-dominio-en-el-ayuntamiento-de-santiago","status":"publish","type":"post","link":"https:\/\/hormigaradio.com\/?p=20215","title":{"rendered":"EL PRM Y ALIADOS CON DOMINIO EN EL AYUNTAMIENTO DE SANTIAGO"},"content":{"rendered":"<p>Por\u00a0<span class=\"name font-700\"><a title=\"M\u00e1ximo Laureano\" href=\"https:\/\/acento.com.do\/autor\/mlaureano.html\">M\u00e1ximo Laureano<\/a><\/span><\/p>\n<p>Tras las elecciones municipales del pasado 18 de febrero, el Partido Revolucionario Moderno\u00a0<strong>(PRM)<\/strong>\u00a0se erigi\u00f3 como la organizaci\u00f3n dominante en el Ayuntamiento de Santiago para el per\u00edodo 2024-2028, que encabeza el alcalde\u00a0<strong>Jos\u00e9 Ulises Rodr\u00edguez Guzm\u00e1n<\/strong>, quien gan\u00f3 la contienda electoral con el 65 % de los votos.<\/p>\n<p>El\u00a0<strong>PRM<\/strong>\u00a0obtuvo la Alcald\u00eda de Santiago en su tercera participaci\u00f3n electoral, tras su creaci\u00f3n en 2014, luego de un desprendimiento del Partido Revolucionario Dominicano\u00a0<strong>(PRD)<\/strong>\u00a0que se llev\u00f3 la mayor\u00eda de la militancia.<\/p>\n<p>En el 2016, el PRM llev\u00f3 como candidato a la Alcald\u00eda al dirigente reformista y exalcalde\u00a0<strong>Jos\u00e9 Enrique Sued Sem<\/strong>\u00a0(fallecido en 2021), y a Iris M\u00e9ndez como candidata a vicealcaldesa.<\/p>\n<figure class=\"no-caption\"><img class=\"i-amphtml-fill-content i-amphtml-replaced-content\" title=\"El-PRM-y-aliados-con-dominio-en-el-Ayuntamiento-de-Santiago-728x485\" src=\"https:\/\/media.acento.com.do\/media\/storage02\/uploads\/2024\/05\/El-PRM-y-aliados-con-dominio-en-el-Ayuntamiento-de-Santiago-728x485.webp\" alt=\"El-PRM-y-aliados-con-dominio-en-el-Ayuntamiento-de-Santiago-728x485\" \/><\/figure>\n<p>Para las elecciones del 2020, a\u00f1o de la pandemia del coronavirus, el\u00a0<strong>PRM<\/strong>\u00a0llev\u00f3 como candidato a\u00a0<strong>Jos\u00e9 Ulises Rodr\u00edguez Guzm\u00e1n<\/strong>, acompa\u00f1ado de Elvira Garrido. En esas elecciones, el entonces partido de oposici\u00f3n qued\u00f3 en segundo lugar con un 39 % de los votos.<\/p>\n<p>Para el 2020, el\u00a0<strong>PRM<\/strong>\u00a0alcanz\u00f3 17 regidores, la segunda fuerza representativa en el Ayuntamiento de Santiago, cantidad que subi\u00f3 a 20 representaciones el pasado 18 de febrero del 2024. Pero a ese n\u00famero se suman los regidores de los partidos aliados como Dominicanos por el Cambio (DxC) y Justicia Social (JS), es decir que la organizaci\u00f3n de Gobierno suma 22 de los 41 regidores que representan a Santiago.<\/p>\n<p>En la Circunscripci\u00f3n n\u00famero uno resultaron electos por el\u00a0<strong>PRM<\/strong>\u00a0Franklin Ver\u00e1s, Ram\u00f3n Marine, Mois\u00e9s Moronta, Esmeily Espinal, Oscar Reyes, Mary Gonell, Alfonso Duran, Francisco N\u00fa\u00f1ez, Frank Medina y Amarilis Baret.<\/p>\n<div class=\"banner-box\"><\/div>\n<p>En tanto que el Partido de la Liberaci\u00f3n Dominicana\u00a0<strong>(PLD),<\/strong>\u00a0tiene para el actual per\u00edodo a Odalis Tejada, B\u00e9lgica Espaillat, Robinson Cabrera, Juan G\u00f3mez y Albany Almonte.<\/p>\n<p>En lo que respecta a la Fuerza del Pueblo (FP), lo representan Mariano Paulino y Amelia N\u00fa\u00f1ez y el Partido Reformista Social Cristiano (PRSC), cuenta con Marino Col\u00f3n, mientras que el partido Dominicanos por el Cambio (DXC) tiene la voz de Disneiry Betances.<\/p>\n<p>En la Circunscripci\u00f3n n\u00famero dos, el PRM tiene a Alberto Hern\u00e1ndez, Ra\u00fal Dom\u00ednguez, Ambiorix Reyes y Eddy Taveras. El PLD est\u00e1 representado por Ambiorix Gonz\u00e1lez (expresidente del Concejo), Chanell Almonte y H\u00e9ctor Miguel Concepci\u00f3n (El Father Sport).<\/p>\n<p>La FP, PRSC y Justicia Social tienen como voces al exbaloncestista, Luis (Minino) Cabrera, Edinson Mercado y Yuderka Castellanos,<\/p>\n<p>En la Circunscripci\u00f3n n\u00famero tres, el PRM obtuvo las representaciones de Cholo D\u2019 \u00d3leo (presidente del Concejo), Edwin N\u00fa\u00f1ez, Magdalena Rodr\u00edguez, Vicente D\u00edaz, Ana Lucia Rosario, Dar\u00edo Sar\u00ed y Leonardo V\u00e1squez.<\/p>\n<div class=\"banner-box\"><\/div>\n<p>Los peledeistas est\u00e1n representados por Engels de Jes\u00fas, Venecia Qui\u00f1onez y Jos\u00e9 N\u00fa\u00f1ez, en tanto que la FP y el partido Opci\u00f3n Democr\u00e1tica, est\u00e1n representados por Leticia Cruz y Alexander Germoso.<\/p>\n<p>En la n\u00f3mina del Ayuntamiento de Santiago, en marzo del 2024, los regidores y regidoras tienen una asignaci\u00f3n econ\u00f3mica de RD$ 159,000.00 mensuales.<\/p>\n<p>Impactos: 38<\/p>","protected":false},"excerpt":{"rendered":"<p>Por\u00a0M\u00e1ximo Laureano Tras las elecciones municipales del pasado 18 de febrero, el Partido Revolucionario Moderno\u00a0(PRM)\u00a0se erigi\u00f3 como la organizaci\u00f3n dominante en el Ayuntamiento de<\/p>\n","protected":false},"author":3,"featured_media":2087,"comment_status":"closed","ping_status":"closed","sticky":false,"template":"","format":"standard","meta":[],"categories":[3],"tags":[],"_links":{"self":[{"href":"https:\/\/hormigaradio.com\/index.php?rest_route=\/wp\/v2\/posts\/20215"}],"collection":[{"href":"https:\/\/hormigaradio.com\/index.php?rest_route=\/wp\/v2\/posts"}],"about":[{"href":"https:\/\/hormigaradio.com\/index.php?rest_route=\/wp\/v2\/types\/post"}],"author":[{"embeddable":true,"href":"https:\/\/hormigaradio.com\/index.php?rest_route=\/wp\/v2\/users\/3"}],"replies":[{"embeddable":true,"href":"https:\/\/hormigaradio.com\/index.php?rest_route=%2Fwp%2Fv2%2Fcomments&post=20215"}],"version-history":[{"count":1,"href":"https:\/\/hormigaradio.com\/index.php?rest_route=\/wp\/v2\/posts\/20215\/revisions"}],"predecessor-version":[{"id":20216,"href":"https:\/\/hormigaradio.com\/index.php?rest_route=\/wp\/v2\/posts\/20215\/revisions\/20216"}],"wp:featuredmedia":[{"embeddable":true,"href":"https:\/\/hormigaradio.com\/index.php?rest_route=\/wp\/v2\/media\/2087"}],"wp:attachment":[{"href":"https:\/\/hormigaradio.com\/index.php?rest_route=%2Fwp%2Fv2%2Fmedia&parent=20215"}],"wp:term":[{"taxonomy":"category","embeddable":true,"href":"https:\/\/hormigaradio.com\/index.php?rest_route=%2Fwp%2Fv2%2Fcategories&post=20215"},{"taxonomy":"post_tag","embeddable":true,"href":"https:\/\/hormigaradio.com\/index.php?rest_route=%2Fwp%2Fv2%2Ftags&post=20215"}],"curies":[{"name":"wp","href":"https:\/\/api.w.org\/{rel}","templated":true}]}}