{"id":20247,"date":"2024-05-07T18:35:26","date_gmt":"2024-05-07T18:35:26","guid":{"rendered":"https:\/\/hormigaradio.com\/?p=20247"},"modified":"2024-05-07T18:37:04","modified_gmt":"2024-05-07T18:37:04","slug":"adp-santiago-reitera-no-aceptara-el-aumento-salarial-de-8","status":"publish","type":"post","link":"https:\/\/hormigaradio.com\/?p=20247","title":{"rendered":"ADP SANTIAGO REITERA NO ACEPTAR\u00c1 EL AUMENTO SALARIAL DE 8 %"},"content":{"rendered":"<p>Por\u00a0<span class=\"name font-700\"><a title=\"M\u00e1ximo Laureano\" href=\"https:\/\/acento.com.do\/autor\/mlaureano.html\">M\u00e1ximo Laureano<\/a><\/span><\/p>\n<p>El vocero de la Asociaci\u00f3n Dominicana\u00a0<strong>(ADP)<\/strong>\u00a0en Santiago,\u00a0<strong>Miguel Jorge<\/strong>, calific\u00f3 como una expresi\u00f3n de arrogancia y prepotencia de las autoridades el anuncio de aumentar un 8 % al salario de los educadores.<\/p>\n<p>\u201cInaceptable para la colectividad magisterial, nosotros insistimos en el cumplimiento integral del acuerdo\u201d, afirm\u00f3\u00a0<strong>Jorge<\/strong>\u00a0durante un encuentro con miembros de medios informativos.<\/p>\n<p>Los profesores volvieron a paralizar las clases en Santiago este lunes, en reclamo de que se discutan los aspectos establecidos en el acuerdo firmado en julio del 2023.<\/p>\n<p><iframe loading=\"lazy\" title=\"ADP Santiago reitera no aceptar\u00e1 el aumento salarial de 8 %\" src=\"https:\/\/player.vimeo.com\/video\/943666329?title=0&amp;amp;byline=0\" width=\"1080\" height=\"1350\" frameborder=\"0\" data-mce-fragment=\"1\"><\/iframe><\/p>\n<p><strong>Jorge<\/strong>\u00a0sostuvo que no solo se trata de un reclamo por el aumento de salarios a los maestros y maestras, sino que, adem\u00e1s, tienen entre sus demandas que se ponga atenci\u00f3n a la situaci\u00f3n de crisis que tienen muchas escuelas con la contrataci\u00f3n de personal limpieza.<\/p>\n<p>Tambi\u00e9n reclaman, afirm\u00f3 el gremialista, que se mejoren las condiciones de la alimentaci\u00f3n en las escuelas.<\/p>\n<div class=\"banner-box\"><\/div>\n<p>Seg\u00fan la\u00a0<strong>ADP<\/strong>\u00a0en Santiago, la mayor\u00eda de los alumnos y alumnas no comen en los centros de educativos por la baja calidad del men\u00fa.<\/p>\n<p>El profesor denunci\u00f3 que las autoridades solo est\u00e1n concentradas en que se haga la distribuci\u00f3n de los alimentos y que se beneficie a los contratados, sin importar que no se tenga la calidad \u00f3ptima.<\/p>\n<p>El vocero de la Asociaci\u00f3n Dominicana\u00a0<strong>(ADP)<\/strong>\u00a0en Santiago,\u00a0<strong>Miguel Jorge<\/strong>, calific\u00f3 como una expresi\u00f3n de arrogancia y prepotencia de las autoridades el anuncio de aumentar un 8 % al salario de los educadores.<\/p>\n<p>\u201cInaceptable para la colectividad magisterial, nosotros insistimos en el cumplimiento integral del acuerdo\u201d, afirm\u00f3\u00a0<strong>Jorge<\/strong>\u00a0durante un encuentro con miembros de medios informativos.<\/p>\n<p>Los profesores volvieron a paralizar las clases en Santiago este lunes, en reclamo de que se discutan los aspectos establecidos en el acuerdo firmado en julio del 2023.<\/p>\n<p><iframe loading=\"lazy\" title=\"ADP Santiago reitera no aceptar\u00e1 el aumento salarial de 8 %\" src=\"https:\/\/player.vimeo.com\/video\/943666329?title=0&amp;amp;byline=0\" width=\"1080\" height=\"1350\" frameborder=\"0\" data-mce-fragment=\"1\"><\/iframe><\/p>\n<p><strong>Jorge<\/strong>\u00a0sostuvo que no solo se trata de un reclamo por el aumento de salarios a los maestros y maestras, sino que, adem\u00e1s, tienen entre sus demandas que se ponga atenci\u00f3n a la situaci\u00f3n de crisis que tienen muchas escuelas con la contrataci\u00f3n de personal limpieza.<\/p>\n<p>Tambi\u00e9n reclaman, afirm\u00f3 el gremialista, que se mejoren las condiciones de la alimentaci\u00f3n en las escuelas.<\/p>\n<div class=\"banner-box\"><\/div>\n<p>Seg\u00fan la\u00a0<strong>ADP<\/strong>\u00a0en Santiago, la mayor\u00eda de los alumnos y alumnas no comen en los centros de educativos por la baja calidad del men\u00fa.<\/p>\n<p>El profesor denunci\u00f3 que las autoridades solo est\u00e1n concentradas en que se haga la distribuci\u00f3n de los alimentos y que se beneficie a los contratados, sin importar que no se tenga la calidad \u00f3ptima.<\/p>\n<p>Impactos: 37<\/p>","protected":false},"excerpt":{"rendered":"<p>Por\u00a0M\u00e1ximo Laureano El vocero de la Asociaci\u00f3n Dominicana\u00a0(ADP)\u00a0en Santiago,\u00a0Miguel Jorge, calific\u00f3 como una expresi\u00f3n de arrogancia y prepotencia de las autoridades el anuncio de<\/p>\n","protected":false},"author":3,"featured_media":20249,"comment_status":"closed","ping_status":"closed","sticky":false,"template":"","format":"standard","meta":[],"categories":[8],"tags":[],"_links":{"self":[{"href":"https:\/\/hormigaradio.com\/index.php?rest_route=\/wp\/v2\/posts\/20247"}],"collection":[{"href":"https:\/\/hormigaradio.com\/index.php?rest_route=\/wp\/v2\/posts"}],"about":[{"href":"https:\/\/hormigaradio.com\/index.php?rest_route=\/wp\/v2\/types\/post"}],"author":[{"embeddable":true,"href":"https:\/\/hormigaradio.com\/index.php?rest_route=\/wp\/v2\/users\/3"}],"replies":[{"embeddable":true,"href":"https:\/\/hormigaradio.com\/index.php?rest_route=%2Fwp%2Fv2%2Fcomments&post=20247"}],"version-history":[{"count":1,"href":"https:\/\/hormigaradio.com\/index.php?rest_route=\/wp\/v2\/posts\/20247\/revisions"}],"predecessor-version":[{"id":20248,"href":"https:\/\/hormigaradio.com\/index.php?rest_route=\/wp\/v2\/posts\/20247\/revisions\/20248"}],"wp:featuredmedia":[{"embeddable":true,"href":"https:\/\/hormigaradio.com\/index.php?rest_route=\/wp\/v2\/media\/20249"}],"wp:attachment":[{"href":"https:\/\/hormigaradio.com\/index.php?rest_route=%2Fwp%2Fv2%2Fmedia&parent=20247"}],"wp:term":[{"taxonomy":"category","embeddable":true,"href":"https:\/\/hormigaradio.com\/index.php?rest_route=%2Fwp%2Fv2%2Fcategories&post=20247"},{"taxonomy":"post_tag","embeddable":true,"href":"https:\/\/hormigaradio.com\/index.php?rest_route=%2Fwp%2Fv2%2Ftags&post=20247"}],"curies":[{"name":"wp","href":"https:\/\/api.w.org\/{rel}","templated":true}]}}