{"id":203,"date":"2017-12-03T23:50:28","date_gmt":"2017-12-03T23:50:28","guid":{"rendered":"http:\/\/hormigaradio.com\/?p=203"},"modified":"2017-12-03T23:56:24","modified_gmt":"2017-12-03T23:56:24","slug":"203","status":"publish","type":"post","link":"https:\/\/hormigaradio.com\/?p=203","title":{"rendered":"\u201cEl primer bachatero del mundo\u201d"},"content":{"rendered":"<p><strong>Redacci\u00f3n\/Capsula cultural<\/strong><\/p>\n<figure id=\"attachment_204\" aria-describedby=\"caption-attachment-204\" style=\"width: 300px\" class=\"wp-caption alignleft\"><a href=\"http:\/\/hormigaradio.com\/wp-content\/uploads\/2017\/12\/jm-CAL.jpg\"><img loading=\"lazy\" class=\"wp-image-204 size-medium\" src=\"http:\/\/hormigaradio.com\/wp-content\/uploads\/2017\/12\/jm-CAL-300x200.jpg\" alt=\"\" width=\"300\" height=\"200\" srcset=\"https:\/\/hormigaradio.com\/wp-content\/uploads\/2017\/12\/jm-CAL-300x200.jpg 300w, https:\/\/hormigaradio.com\/wp-content\/uploads\/2017\/12\/jm-CAL-768x511.jpg 768w, https:\/\/hormigaradio.com\/wp-content\/uploads\/2017\/12\/jm-CAL.jpg 960w\" sizes=\"(max-width: 300px) 100vw, 300px\" \/><\/a><figcaption id=\"caption-attachment-204\" class=\"wp-caption-text\"><strong>Jos\u00e9 Manuel Calder\u00f3n, Centro Le\u00f3n, Congreso Bachata, abril 2017.<\/strong><\/figcaption><\/figure>\n<p>El 30 de mayo de 1962, se grab\u00f3 por primera vez, en un estudio profesional, la primera bachata de la Rep\u00fablica Dominicana y el mundo, la obra musical titulada &#8220;Qu\u00e9 ser\u00e1 de mi&#8221;, de la autor\u00eda de Bienvenido Fabi\u00e1n, conocida despu\u00e9s como &#8221; Condena&#8221; y Borracho de amor&#8221;, convirti\u00f3 a Jos\u00e9 Manuel Calder\u00f3n, en el pionero del este ritmo caribe\u00f1o, que hoy recorre grandes escenarios internacionales. La periodista e investigadora cultural, Maivell Contreras, describe a este artista como \u201cEl primer bachatero del mundo&#8221;, en un libro que resume su historia. Por sus aportes al arte dominicano, Jos\u00e9 Manuel Calder\u00f3n, suena aqu\u00ed y es gente especial de\u00a0 www.hormigaradio.com<\/p>\n<p>Impactos: 290<\/p>","protected":false},"excerpt":{"rendered":"<p>Redacci\u00f3n\/Capsula cultural El 30 de mayo de 1962, se grab\u00f3 por primera vez, en un estudio profesional, la primera bachata de la Rep\u00fablica Dominicana<\/p>\n","protected":false},"author":3,"featured_media":204,"comment_status":"open","ping_status":"closed","sticky":false,"template":"","format":"standard","meta":[],"categories":[4],"tags":[],"_links":{"self":[{"href":"https:\/\/hormigaradio.com\/index.php?rest_route=\/wp\/v2\/posts\/203"}],"collection":[{"href":"https:\/\/hormigaradio.com\/index.php?rest_route=\/wp\/v2\/posts"}],"about":[{"href":"https:\/\/hormigaradio.com\/index.php?rest_route=\/wp\/v2\/types\/post"}],"author":[{"embeddable":true,"href":"https:\/\/hormigaradio.com\/index.php?rest_route=\/wp\/v2\/users\/3"}],"replies":[{"embeddable":true,"href":"https:\/\/hormigaradio.com\/index.php?rest_route=%2Fwp%2Fv2%2Fcomments&post=203"}],"version-history":[{"count":5,"href":"https:\/\/hormigaradio.com\/index.php?rest_route=\/wp\/v2\/posts\/203\/revisions"}],"predecessor-version":[{"id":209,"href":"https:\/\/hormigaradio.com\/index.php?rest_route=\/wp\/v2\/posts\/203\/revisions\/209"}],"wp:featuredmedia":[{"embeddable":true,"href":"https:\/\/hormigaradio.com\/index.php?rest_route=\/wp\/v2\/media\/204"}],"wp:attachment":[{"href":"https:\/\/hormigaradio.com\/index.php?rest_route=%2Fwp%2Fv2%2Fmedia&parent=203"}],"wp:term":[{"taxonomy":"category","embeddable":true,"href":"https:\/\/hormigaradio.com\/index.php?rest_route=%2Fwp%2Fv2%2Fcategories&post=203"},{"taxonomy":"post_tag","embeddable":true,"href":"https:\/\/hormigaradio.com\/index.php?rest_route=%2Fwp%2Fv2%2Ftags&post=203"}],"curies":[{"name":"wp","href":"https:\/\/api.w.org\/{rel}","templated":true}]}}