{"id":20302,"date":"2024-05-12T16:42:09","date_gmt":"2024-05-12T16:42:09","guid":{"rendered":"https:\/\/hormigaradio.com\/?p=20302"},"modified":"2024-05-12T16:43:33","modified_gmt":"2024-05-12T16:43:33","slug":"abinader-afirma-ganara-con-mas-de-un-68-valora-apoyo-de-los-motoconchistas","status":"publish","type":"post","link":"https:\/\/hormigaradio.com\/?p=20302","title":{"rendered":"ABINADER AFIRMA GANAR\u00c1 CON M\u00c1S DE UN 68 %; VALORA APOYO DE LOS MOTOCONCHISTAS"},"content":{"rendered":"<p>Por\u00a0<span class=\"name font-700\"><a title=\"M\u00e1ximo Laureano\" href=\"https:\/\/acento.com.do\/autor\/mlaureano.html\">M\u00e1ximo Laureano<\/a><\/span><\/p>\n<p>El presidente de la Rep\u00fablica y candidato a la reelecci\u00f3n, Luis Abinader, asegur\u00f3 que con el apoyo del pueblo, incluidos los motoconchistas, ganar\u00e1 las elecciones del 19 de mayo con m\u00e1s de un 68 por ciento.<\/p>\n<p>Al culminar un recorrido de m\u00e1s de dos horas por los barrios de la zona sur de Santiago, circunscripci\u00f3n n\u00famero tres, el mandatario ponder\u00f3 el apoyo que recibe del sector de los motoristas.<\/p>\n<p><iframe loading=\"lazy\" title=\"Presidente Abinader asegura victoria con m\u00e1s del 68% del apoyo, respaldado por los motoconchistas y la naci\u00f3n\" src=\"https:\/\/player.vimeo.com\/video\/945386009?title=0&amp;amp;byline=0\" width=\"1080\" height=\"1350\" frameborder=\"0\" data-mce-fragment=\"1\"><\/iframe><\/p>\n<p>Previo a la manifestaci\u00f3n, el mandatario dijo que en Santiago, tanto en el rengl\u00f3n presidencial, como senatorial, la victoria ser\u00e1 contundente por las inversiones que el Gobierno ha hecho en esta provincia.<\/p>\n<p>Por parte de los motoristas, \u00d3scar Alm\u00e1nzar, quien se identific\u00f3 como l\u00edder de ese sector en Santiago, expres\u00f3 su apoyo al proyecto de la reelecci\u00f3n del presidente Abinader.<\/p>\n<p>La marcha caravana del Partido Revolucionario Moderno (PRM) inici\u00f3 pasadas las 4:00 de la tarde, en la avenida Hispanoamericana, en la entrada del sector de Hato Mayor, al sur del centro urbano de Santiago.<\/p>\n<p>La manifestaci\u00f3n, que marc\u00f3 el cierre de la campa\u00f1a electoral en Santiago, abarc\u00f3 los barrios Hato Mayor, Barrio Lindo Zamarrilla, La Villa Ol\u00edmpica, Marilopez, Pek\u00edn, Cristo Rey, Los Jazmines y otros.<\/p>\n<p>Acompa\u00f1aron al presidente y candidato Luis Abinader, los candidatos a diputados de la demarcaci\u00f3n, el candidato a senador, Daniel Rivera; el actual senador, Eduardo Estrella y la senadora del Distrito Nacional, Faride Raful y otros funcionarios.<\/p>\n<p>Impactos: 31<\/p>","protected":false},"excerpt":{"rendered":"<p>Por\u00a0M\u00e1ximo Laureano El presidente de la Rep\u00fablica y candidato a la reelecci\u00f3n, Luis Abinader, asegur\u00f3 que con el apoyo del pueblo, incluidos los motoconchistas,<\/p>\n","protected":false},"author":3,"featured_media":20304,"comment_status":"closed","ping_status":"closed","sticky":false,"template":"","format":"standard","meta":[],"categories":[6],"tags":[],"_links":{"self":[{"href":"https:\/\/hormigaradio.com\/index.php?rest_route=\/wp\/v2\/posts\/20302"}],"collection":[{"href":"https:\/\/hormigaradio.com\/index.php?rest_route=\/wp\/v2\/posts"}],"about":[{"href":"https:\/\/hormigaradio.com\/index.php?rest_route=\/wp\/v2\/types\/post"}],"author":[{"embeddable":true,"href":"https:\/\/hormigaradio.com\/index.php?rest_route=\/wp\/v2\/users\/3"}],"replies":[{"embeddable":true,"href":"https:\/\/hormigaradio.com\/index.php?rest_route=%2Fwp%2Fv2%2Fcomments&post=20302"}],"version-history":[{"count":1,"href":"https:\/\/hormigaradio.com\/index.php?rest_route=\/wp\/v2\/posts\/20302\/revisions"}],"predecessor-version":[{"id":20303,"href":"https:\/\/hormigaradio.com\/index.php?rest_route=\/wp\/v2\/posts\/20302\/revisions\/20303"}],"wp:featuredmedia":[{"embeddable":true,"href":"https:\/\/hormigaradio.com\/index.php?rest_route=\/wp\/v2\/media\/20304"}],"wp:attachment":[{"href":"https:\/\/hormigaradio.com\/index.php?rest_route=%2Fwp%2Fv2%2Fmedia&parent=20302"}],"wp:term":[{"taxonomy":"category","embeddable":true,"href":"https:\/\/hormigaradio.com\/index.php?rest_route=%2Fwp%2Fv2%2Fcategories&post=20302"},{"taxonomy":"post_tag","embeddable":true,"href":"https:\/\/hormigaradio.com\/index.php?rest_route=%2Fwp%2Fv2%2Ftags&post=20302"}],"curies":[{"name":"wp","href":"https:\/\/api.w.org\/{rel}","templated":true}]}}