{"id":20323,"date":"2024-05-21T15:49:53","date_gmt":"2024-05-21T15:49:53","guid":{"rendered":"https:\/\/hormigaradio.com\/?p=20323"},"modified":"2024-05-21T15:51:19","modified_gmt":"2024-05-21T15:51:19","slug":"20323","status":"publish","type":"post","link":"https:\/\/hormigaradio.com\/?p=20323","title":{"rendered":"FUNDACI\u00d3N MADRE Y MAESTRA REALIZAR\u00c1 FERIA DE EMPLEOS ESTE JUEVES"},"content":{"rendered":"<p><img loading=\"lazy\" class=\"alignnone wp-image-15152\" src=\"http:\/\/hormigaradio.com\/wp-content\/uploads\/2022\/01\/FIRMA-para-Hormiga-Radio-300x158.jpeg\" alt=\"\" width=\"80\" height=\"42\" \/><\/p>\n<p>La Fundaci\u00f3n Madre y Maestra de la Pontificia Universidad Cat\u00f3lica Madre y Maestra <strong>(PUCMM) <\/strong>realizar\u00e1 este jueves 23 de mayo<strong> la quinta Feria de Empleo,<\/strong> donde unas 34 empresas brindar\u00e1n oportunidades de trabajo.<\/p>\n<p>La feria de empleo se llevar\u00e1 a cabo en el Sal\u00f3n Multiusos del campus de Santiago, de 9:00 de la ma\u00f1ana\u00a0a 6:00 de la tarde, y estar\u00e1 abierta a la comunidad universitaria, egresados y p\u00fablico en general, quienes tendr\u00e1n la oportunidad de optar por un primer o nuevo empleo, sumar contactos en el \u00e1rea profesional y seguir desarrollando su potencial a nivel laboral. Adem\u00e1s, los estudiantes tendr\u00e1n acceso a una diversidad de opciones para encontrar la empresa en la que realizar\u00e1n sus pr\u00e1cticas profesionales.<\/p>\n<p><strong>Eduardo Reinoso,<\/strong> director ejecutivo de la Fundaci\u00f3n Madre y Maestra, destac\u00f3 que, con la pr\u00f3xima Feria de Empleo, la Fundaci\u00f3n Madre y Maestra busca propiciar un espacio donde estudiantes y egresados de la PUCMM, puedan conocer la oferta de empleo de relevantes empresas de la regi\u00f3n, y brindar la oportunidad al empresariado de que pueda dar a conocer sus vacantes.<\/p>\n<p><img loading=\"lazy\" class=\"alignright wp-image-20326 size-medium\" src=\"http:\/\/hormigaradio.com\/wp-content\/uploads\/2024\/05\/WhatsApp-Image-2024-05-20-at-2.56.09-PM-300x200.jpeg\" alt=\"\" width=\"300\" height=\"200\" srcset=\"https:\/\/hormigaradio.com\/wp-content\/uploads\/2024\/05\/WhatsApp-Image-2024-05-20-at-2.56.09-PM-300x200.jpeg 300w, https:\/\/hormigaradio.com\/wp-content\/uploads\/2024\/05\/WhatsApp-Image-2024-05-20-at-2.56.09-PM-1024x682.jpeg 1024w, https:\/\/hormigaradio.com\/wp-content\/uploads\/2024\/05\/WhatsApp-Image-2024-05-20-at-2.56.09-PM-768x512.jpeg 768w, https:\/\/hormigaradio.com\/wp-content\/uploads\/2024\/05\/WhatsApp-Image-2024-05-20-at-2.56.09-PM-1536x1023.jpeg 1536w, https:\/\/hormigaradio.com\/wp-content\/uploads\/2024\/05\/WhatsApp-Image-2024-05-20-at-2.56.09-PM.jpeg 1600w\" sizes=\"(max-width: 300px) 100vw, 300px\" \/><\/p>\n<p>Entre las empresas que participar\u00e1n para ofertar sus plazas de trabajo se encuentran la PUCMM, Asociaci\u00f3n Cibao de Ahorros y Pr\u00e9stamos (ACAP), Asociaci\u00f3n Popular de Ahorros y Pr\u00e9stamos (APAP), los bancos BHD y Popular, La Colonial de Seguros, La Monumental de Seguros,\u00a0AFP Crecer, el Parque Industrial Santiago Norte (PISANO)\u00a0y la Corporaci\u00f3n Zona Franca Santiago.<\/p>\n<p>Adem\u00e1s, Grupo Puntacana, Grupo Ramos, Grupo SID, Grupo Bocel, Quala Dominicana, la ferreter\u00eda Bell\u00f3n, Cecomsa, Data Vimenca, las entidades de servicios m\u00e9dicos, Hospital Metropolitano de Santiago (HOMS),\u00a0Contact Center Dominicana, Diagnosis. Tambi\u00e9n el Centro de Gesti\u00f3n de Talento (CEGESTA), la oficina de abogados Pellerano &amp; Herrera, la Importadora Forestal Del Caribe (IMFOCA), Caribbean Pallet Company, Club Body Shop, Grupo Estrella, Voiceteam Call, la constructora Pantale\u00f3n Salcedo y Asociados, entre otras compa\u00f1\u00edas.<\/p>\n<p>\u201cParticipar en la Feria de Empleo no solo permitir\u00e1 acceder a informaciones sobre las empresas y las vacantes disponibles de estas entidades, sino que tambi\u00e9n ser\u00e1 un espacio propicio para crear alianzas o <em>networking<\/em> entre las instituciones y los asistentes al evento\u201d, resalt\u00f3 el director ejecutivo de la instituci\u00f3n.<\/p>\n<p>Impactos: 33<\/p>","protected":false},"excerpt":{"rendered":"<p>La Fundaci\u00f3n Madre y Maestra de la Pontificia Universidad Cat\u00f3lica Madre y Maestra (PUCMM) realizar\u00e1 este jueves 23 de mayo la quinta Feria de<\/p>\n","protected":false},"author":3,"featured_media":20324,"comment_status":"closed","ping_status":"closed","sticky":false,"template":"","format":"standard","meta":[],"categories":[3],"tags":[],"_links":{"self":[{"href":"https:\/\/hormigaradio.com\/index.php?rest_route=\/wp\/v2\/posts\/20323"}],"collection":[{"href":"https:\/\/hormigaradio.com\/index.php?rest_route=\/wp\/v2\/posts"}],"about":[{"href":"https:\/\/hormigaradio.com\/index.php?rest_route=\/wp\/v2\/types\/post"}],"author":[{"embeddable":true,"href":"https:\/\/hormigaradio.com\/index.php?rest_route=\/wp\/v2\/users\/3"}],"replies":[{"embeddable":true,"href":"https:\/\/hormigaradio.com\/index.php?rest_route=%2Fwp%2Fv2%2Fcomments&post=20323"}],"version-history":[{"count":2,"href":"https:\/\/hormigaradio.com\/index.php?rest_route=\/wp\/v2\/posts\/20323\/revisions"}],"predecessor-version":[{"id":20327,"href":"https:\/\/hormigaradio.com\/index.php?rest_route=\/wp\/v2\/posts\/20323\/revisions\/20327"}],"wp:featuredmedia":[{"embeddable":true,"href":"https:\/\/hormigaradio.com\/index.php?rest_route=\/wp\/v2\/media\/20324"}],"wp:attachment":[{"href":"https:\/\/hormigaradio.com\/index.php?rest_route=%2Fwp%2Fv2%2Fmedia&parent=20323"}],"wp:term":[{"taxonomy":"category","embeddable":true,"href":"https:\/\/hormigaradio.com\/index.php?rest_route=%2Fwp%2Fv2%2Fcategories&post=20323"},{"taxonomy":"post_tag","embeddable":true,"href":"https:\/\/hormigaradio.com\/index.php?rest_route=%2Fwp%2Fv2%2Ftags&post=20323"}],"curies":[{"name":"wp","href":"https:\/\/api.w.org\/{rel}","templated":true}]}}