{"id":20339,"date":"2024-05-23T01:48:45","date_gmt":"2024-05-23T01:48:45","guid":{"rendered":"https:\/\/hormigaradio.com\/?p=20339"},"modified":"2024-05-23T01:49:01","modified_gmt":"2024-05-23T01:49:01","slug":"gobierno-anuncia-importantes-medidas-para-fortalecer-la-carrera-diplomatica","status":"publish","type":"post","link":"https:\/\/hormigaradio.com\/?p=20339","title":{"rendered":"GOBIERNO ANUNCIA IMPORTANTES MEDIDAS PARA FORTALECER LA CARRERA DIPLOM\u00c1TICA"},"content":{"rendered":"<p><img loading=\"lazy\" class=\"alignnone wp-image-15152\" src=\"http:\/\/hormigaradio.com\/wp-content\/uploads\/2022\/01\/FIRMA-para-Hormiga-Radio-300x158.jpeg\" alt=\"\" width=\"80\" height=\"42\" \/><\/p>\n<p>Continuando con el proceso de reforma del Estado y fortalecimiento institucional, el presidente Luis Abinader, comunic\u00f3 a trav\u00e9s de su cuenta de X, que ha instruido al ministro de Relaciones Exteriores, implementar medidas significativas en el \u00e1mbito diplom\u00e1tico, marcando un hito en la historia del pa\u00eds.<\/p>\n<p>En primer lugar, se proceder\u00e1, por primera vez en la historia diplom\u00e1tica dominicana, con los ascensos colectivos del personal del Ministerio de Relaciones Exteriores (MIREX) conforme lo establece la normativa vigente y la evaluaci\u00f3n del desempe\u00f1o de los funcionarios.<\/p>\n<p>Este avance hist\u00f3rico busca reconocer y valorar el esfuerzo y la dedicaci\u00f3n de los diplom\u00e1ticos que han mostrado un desempe\u00f1o sobresaliente en sus funciones.<\/p>\n<p>En segundo lugar, se ha instruido la tramitaci\u00f3n de la incorporaci\u00f3n a la Carrera Diplom\u00e1tica de aquellos funcionarios diplom\u00e1ticos a\u00fan activos que, pese a haber cumplido con los requisitos establecidos de tiempo, m\u00e9rito y profesionalizaci\u00f3n, no hab\u00edan sido reconocidos en sus derechos.<\/p>\n<p>Esta medida busca corregir injusticias pasadas y garantizar que todos los diplom\u00e1ticos que han demostrado su compromiso y capacidad sean debidamente integrados en la Carrera Diplom\u00e1tica.<\/p>\n<p>Impactos: 31<\/p>","protected":false},"excerpt":{"rendered":"<p>Continuando con el proceso de reforma del Estado y fortalecimiento institucional, el presidente Luis Abinader, comunic\u00f3 a trav\u00e9s de su cuenta de X, que<\/p>\n","protected":false},"author":3,"featured_media":20340,"comment_status":"closed","ping_status":"closed","sticky":false,"template":"","format":"standard","meta":[],"categories":[3],"tags":[],"_links":{"self":[{"href":"https:\/\/hormigaradio.com\/index.php?rest_route=\/wp\/v2\/posts\/20339"}],"collection":[{"href":"https:\/\/hormigaradio.com\/index.php?rest_route=\/wp\/v2\/posts"}],"about":[{"href":"https:\/\/hormigaradio.com\/index.php?rest_route=\/wp\/v2\/types\/post"}],"author":[{"embeddable":true,"href":"https:\/\/hormigaradio.com\/index.php?rest_route=\/wp\/v2\/users\/3"}],"replies":[{"embeddable":true,"href":"https:\/\/hormigaradio.com\/index.php?rest_route=%2Fwp%2Fv2%2Fcomments&post=20339"}],"version-history":[{"count":1,"href":"https:\/\/hormigaradio.com\/index.php?rest_route=\/wp\/v2\/posts\/20339\/revisions"}],"predecessor-version":[{"id":20341,"href":"https:\/\/hormigaradio.com\/index.php?rest_route=\/wp\/v2\/posts\/20339\/revisions\/20341"}],"wp:featuredmedia":[{"embeddable":true,"href":"https:\/\/hormigaradio.com\/index.php?rest_route=\/wp\/v2\/media\/20340"}],"wp:attachment":[{"href":"https:\/\/hormigaradio.com\/index.php?rest_route=%2Fwp%2Fv2%2Fmedia&parent=20339"}],"wp:term":[{"taxonomy":"category","embeddable":true,"href":"https:\/\/hormigaradio.com\/index.php?rest_route=%2Fwp%2Fv2%2Fcategories&post=20339"},{"taxonomy":"post_tag","embeddable":true,"href":"https:\/\/hormigaradio.com\/index.php?rest_route=%2Fwp%2Fv2%2Ftags&post=20339"}],"curies":[{"name":"wp","href":"https:\/\/api.w.org\/{rel}","templated":true}]}}