{"id":20363,"date":"2024-05-26T04:19:21","date_gmt":"2024-05-26T04:19:21","guid":{"rendered":"https:\/\/hormigaradio.com\/?p=20363"},"modified":"2024-05-26T04:36:37","modified_gmt":"2024-05-26T04:36:37","slug":"presidente-no-solo-queria-la-reeleccion","status":"publish","type":"post","link":"https:\/\/hormigaradio.com\/?p=20363","title":{"rendered":"EL PRESIDENTE NO SOLO QUER\u00cdA LA REELECCI\u00d3N"},"content":{"rendered":"<p>Por\u00a0<span class=\"name font-700\"><a title=\"M\u00e1ximo Laureano\" href=\"https:\/\/acento.com.do\/autor\/mlaureano.html\">M\u00e1ximo Laureano<\/a><\/span><\/p>\n<p>Es posible que al expresar esta opini\u00f3n coincida con personas que desde las gradas pol\u00edticas y otros no tan en las gradas, que piensan que la meta del presidente de la Rep\u00fablica, Luis Abinader, no solo era ganar las elecciones, sino que buscaba un combo, una especie de \u201ctodo incluido\u201d, que lo dejara desde ya, en la historia electoral dominicana, sin la necesidad de esperar las evaluaciones de sus ejecutorias en el Gobierno.<\/p>\n<p>Como \u00a0\u00a0due\u00f1o de la sombra y el \u00e1rbol en el Partido Revolucionario Moderno (PRM), trozo del Partido Revolucionario Dominicano (PRD), que lleg\u00f3 como inquilino se paga a las siglas ASD, patrimonio de la familia Abinader, el presidente sab\u00eda que ganar\u00eda las elecciones, sin mucha fatiga.<\/p>\n<p>Pero igual, el presidente sab\u00eda que deb\u00eda abrazarse a todo el recurso necesario, para robustecer su propuesta electoral, porque el objetivo iba mucho m\u00e1s all\u00e1 de ganar la reelecci\u00f3n, primer punto de la tabla electoral.<\/p>\n<p>Ayudado por sus aliados, el presidente Luis Abinader, sum\u00f3 2, 506, 484, equivalente a un 57.85 %, registros ajustados\u00a0\u00a0 a las mediciones de Gallup-RCD Media, Greenberd-Diario Libre y la Mark Penn-SIN y otras firmas que no llegaron a marcar el 60 %.<\/p>\n<p>El presidente logr\u00f3 la reelecci\u00f3n sin sobresaltos, sin tener que acudir a un abanico de mano, pero, a 13 puntos del cacareado 70 %, rezado por la dirigencia y militancia perreme\u00edsta y\u00a0\u00a0 a cinco puntos del 62 % de Danilo Medina, en el 2016, que sum\u00f3 2, 847, 438 votos, es decir, que Luis Abinader, no logr\u00f3 la meta de superar al PLD de hace ocho a\u00f1os, objetivo que, aunque no lo dijera sabemos que le retozaba en su cabeza.<\/p>\n<p>El presidente, que es un humilde esquem\u00e1tico, tambi\u00e9n quer\u00eda el 100 % de los senadores, pero la oposici\u00f3n le arrebat\u00f3\u00a0\u00a0 tres, por lo que, se queda con 29 y se iguala a Danilo Medina en 2016 y es obvio que, aunque el PRM tendr\u00e1 dominio absoluto en la C\u00e1mara Alta, el presidente Abinader,\u00a0 lo quer\u00eda todo, sobre todo derrotar al jeque-pol\u00edtico del partido Fuerza del Pueblo de la provincia San Juan, F\u00e9lix Bautista.<\/p>\n<p>El presidente tambi\u00e9n tiene una relecci\u00f3n manchada por una derrota en el Distrito Nacional, (La Capital), porque se la jug\u00f3 al despojar de la candidatura a una aguerrida Faride Raful, que procuraba un per\u00edodo m\u00e1s y que habr\u00eda retendio el solio, aun cuando la competencia fuera con Omar Fern\u00e1ndez, un joven nacido en la pol\u00edtica, criado en la pol\u00edtica y formado para la pol\u00edtica, que sepult\u00f3 a un pol\u00edtico elitista y caducado como Guillermo Moreno, que solo aport\u00f3 15, 862 votos con su partido Alianza Pa\u00eds,\u00a0 un 0.36 %, a la reelecci\u00f3n presidencial.<\/p>\n<p>De toda manera el presidente de la\u00a0\u00a0 Rep\u00fablica, Luis Abinader, reforz\u00f3 su equipo y ahora tiene \u201csu Congreso\u201d y creemos no tendr\u00eda tropiezos, para presentar propuestas, que en otras condiciones podr\u00edan resultar conflictivas pol\u00edticamente, como es el caso de la reforma fiscal y nos atrevemos a decir que que hasta\u00a0 una modificaci\u00f3n constitucional.<\/p>\n<p>&nbsp;<\/p>\n<p>&nbsp;<\/p>\n<p>&nbsp;<\/p>\n<p>&nbsp;<\/p>\n<p>&nbsp;<\/p>\n<p>&nbsp;<\/p>\n<p>Impactos: 65<\/p>","protected":false},"excerpt":{"rendered":"<p>Por\u00a0M\u00e1ximo Laureano Es posible que al expresar esta opini\u00f3n coincida con personas que desde las gradas pol\u00edticas y otros no tan en las gradas,<\/p>\n","protected":false},"author":3,"featured_media":20085,"comment_status":"closed","ping_status":"closed","sticky":false,"template":"","format":"standard","meta":[],"categories":[7],"tags":[],"_links":{"self":[{"href":"https:\/\/hormigaradio.com\/index.php?rest_route=\/wp\/v2\/posts\/20363"}],"collection":[{"href":"https:\/\/hormigaradio.com\/index.php?rest_route=\/wp\/v2\/posts"}],"about":[{"href":"https:\/\/hormigaradio.com\/index.php?rest_route=\/wp\/v2\/types\/post"}],"author":[{"embeddable":true,"href":"https:\/\/hormigaradio.com\/index.php?rest_route=\/wp\/v2\/users\/3"}],"replies":[{"embeddable":true,"href":"https:\/\/hormigaradio.com\/index.php?rest_route=%2Fwp%2Fv2%2Fcomments&post=20363"}],"version-history":[{"count":5,"href":"https:\/\/hormigaradio.com\/index.php?rest_route=\/wp\/v2\/posts\/20363\/revisions"}],"predecessor-version":[{"id":20368,"href":"https:\/\/hormigaradio.com\/index.php?rest_route=\/wp\/v2\/posts\/20363\/revisions\/20368"}],"wp:featuredmedia":[{"embeddable":true,"href":"https:\/\/hormigaradio.com\/index.php?rest_route=\/wp\/v2\/media\/20085"}],"wp:attachment":[{"href":"https:\/\/hormigaradio.com\/index.php?rest_route=%2Fwp%2Fv2%2Fmedia&parent=20363"}],"wp:term":[{"taxonomy":"category","embeddable":true,"href":"https:\/\/hormigaradio.com\/index.php?rest_route=%2Fwp%2Fv2%2Fcategories&post=20363"},{"taxonomy":"post_tag","embeddable":true,"href":"https:\/\/hormigaradio.com\/index.php?rest_route=%2Fwp%2Fv2%2Ftags&post=20363"}],"curies":[{"name":"wp","href":"https:\/\/api.w.org\/{rel}","templated":true}]}}