{"id":20369,"date":"2024-05-26T21:56:31","date_gmt":"2024-05-26T21:56:31","guid":{"rendered":"https:\/\/hormigaradio.com\/?p=20369"},"modified":"2024-05-26T22:08:02","modified_gmt":"2024-05-26T22:08:02","slug":"20369","status":"publish","type":"post","link":"https:\/\/hormigaradio.com\/?p=20369","title":{"rendered":"VICEPRESIDENTA RAQUEL PE\u00d1A RECORRE ZONAS AFECTADAS POR LLUVIAS EN SANTIAGO"},"content":{"rendered":"<p><img loading=\"lazy\" class=\"alignnone wp-image-15152\" src=\"http:\/\/hormigaradio.com\/wp-content\/uploads\/2022\/01\/FIRMA-para-Hormiga-Radio-300x158.jpeg\" alt=\"\" width=\"80\" height=\"42\" \/><\/p>\n<p>La vicepresidenta de la Rep\u00fablica, Raquel Pe\u00f1a, recorri\u00f3 est\u00e9 s\u00e1bado algunas de las zonas m\u00e1s afectadas en Santiago producto de las recientes lluvias que han incidido en el territorio nacional.<\/p>\n<p>La vicemandataria estuvo acompa\u00f1ada por el alcalde de Santiago, Ulises Rodr\u00edguez; la gobernadora, Rosa Santos; el subdirector nacional de la Defensa Civil, Francisco Arias, entre otras autoridades nacionales, provinciales y municipales.<\/p>\n<p><img loading=\"lazy\" class=\"aligncenter wp-image-20374 size-large\" src=\"http:\/\/hormigaradio.com\/wp-content\/uploads\/2024\/05\/WhatsApp-Image-2024-05-25-at-7.21.22-PM-1-1024x682.jpeg\" alt=\"\" width=\"715\" height=\"476\" srcset=\"https:\/\/hormigaradio.com\/wp-content\/uploads\/2024\/05\/WhatsApp-Image-2024-05-25-at-7.21.22-PM-1-1024x682.jpeg 1024w, https:\/\/hormigaradio.com\/wp-content\/uploads\/2024\/05\/WhatsApp-Image-2024-05-25-at-7.21.22-PM-1-300x200.jpeg 300w, https:\/\/hormigaradio.com\/wp-content\/uploads\/2024\/05\/WhatsApp-Image-2024-05-25-at-7.21.22-PM-1-768x512.jpeg 768w, https:\/\/hormigaradio.com\/wp-content\/uploads\/2024\/05\/WhatsApp-Image-2024-05-25-at-7.21.22-PM-1-1536x1023.jpeg 1536w, https:\/\/hormigaradio.com\/wp-content\/uploads\/2024\/05\/WhatsApp-Image-2024-05-25-at-7.21.22-PM-1.jpeg 1600w\" sizes=\"(max-width: 715px) 100vw, 715px\" \/><\/p>\n<p>Pe\u00f1a escuch\u00f3 las necesidades de los moradores con el objetivo de poner en marcha acciones que reestablezca, &#8220;en el menor tiempo posible&#8221;, el bienestar de las cerca de 150 familias afectadas en La Yag\u00fcita de Pastor.<\/p>\n<p>En ese sentido, la vicepresidenta sostuvo que las instituciones trabajar\u00e1n de manera conjunta para eficientizar los esfuerzos y agilizar los resultados.<\/p>\n<p>Asimismo, previo al recorrido, indic\u00f3 que aunque el presidente Luis Abinader no se encuentra en el pa\u00eds, el mandatario est\u00e1 &#8220;muy pendiente&#8221;, atento a las condiciones clim\u00e1ticas para que las autoridades pertinentes &#8220;puedan ir en auxilio de las personas que viven en zonas vulnerables&#8221;.<\/p>\n<p>Estos acercamientos con las comunidades vulnerables continuar\u00e1n este domingo, con una agenda que incluye localidades de Moca y San Francisco de Macor\u00eds (SFM).<\/p>\n<div style=\"width: 715px;\" class=\"wp-video\"><!--[if lt IE 9]><script>document.createElement('video');<\/script><![endif]-->\n<video class=\"wp-video-shortcode\" id=\"video-20369-1\" width=\"715\" height=\"403\" preload=\"metadata\" controls=\"controls\"><source type=\"video\/mp4\" src=\"http:\/\/hormigaradio.com\/wp-content\/uploads\/2024\/05\/WhatsApp-Video-2024-05-25-at-7.21.21-PM.mp4?_=1\" \/><a href=\"http:\/\/hormigaradio.com\/wp-content\/uploads\/2024\/05\/WhatsApp-Video-2024-05-25-at-7.21.21-PM.mp4\">http:\/\/hormigaradio.com\/wp-content\/uploads\/2024\/05\/WhatsApp-Video-2024-05-25-at-7.21.21-PM.mp4<\/a><\/video><\/div>\n<p>Impactos: 35<\/p>","protected":false},"excerpt":{"rendered":"<p>La vicepresidenta de la Rep\u00fablica, Raquel Pe\u00f1a, recorri\u00f3 est\u00e9 s\u00e1bado algunas de las zonas m\u00e1s afectadas en Santiago producto de las recientes lluvias que<\/p>\n","protected":false},"author":3,"featured_media":20372,"comment_status":"closed","ping_status":"closed","sticky":false,"template":"","format":"standard","meta":[],"categories":[3],"tags":[],"_links":{"self":[{"href":"https:\/\/hormigaradio.com\/index.php?rest_route=\/wp\/v2\/posts\/20369"}],"collection":[{"href":"https:\/\/hormigaradio.com\/index.php?rest_route=\/wp\/v2\/posts"}],"about":[{"href":"https:\/\/hormigaradio.com\/index.php?rest_route=\/wp\/v2\/types\/post"}],"author":[{"embeddable":true,"href":"https:\/\/hormigaradio.com\/index.php?rest_route=\/wp\/v2\/users\/3"}],"replies":[{"embeddable":true,"href":"https:\/\/hormigaradio.com\/index.php?rest_route=%2Fwp%2Fv2%2Fcomments&post=20369"}],"version-history":[{"count":6,"href":"https:\/\/hormigaradio.com\/index.php?rest_route=\/wp\/v2\/posts\/20369\/revisions"}],"predecessor-version":[{"id":20378,"href":"https:\/\/hormigaradio.com\/index.php?rest_route=\/wp\/v2\/posts\/20369\/revisions\/20378"}],"wp:featuredmedia":[{"embeddable":true,"href":"https:\/\/hormigaradio.com\/index.php?rest_route=\/wp\/v2\/media\/20372"}],"wp:attachment":[{"href":"https:\/\/hormigaradio.com\/index.php?rest_route=%2Fwp%2Fv2%2Fmedia&parent=20369"}],"wp:term":[{"taxonomy":"category","embeddable":true,"href":"https:\/\/hormigaradio.com\/index.php?rest_route=%2Fwp%2Fv2%2Fcategories&post=20369"},{"taxonomy":"post_tag","embeddable":true,"href":"https:\/\/hormigaradio.com\/index.php?rest_route=%2Fwp%2Fv2%2Ftags&post=20369"}],"curies":[{"name":"wp","href":"https:\/\/api.w.org\/{rel}","templated":true}]}}