{"id":20448,"date":"2024-06-05T23:02:45","date_gmt":"2024-06-05T23:02:45","guid":{"rendered":"https:\/\/hormigaradio.com\/?p=20448"},"modified":"2024-06-05T23:03:10","modified_gmt":"2024-06-05T23:03:10","slug":"encuentran-ahorcado-recluso-en-carcel-preventiva-palacio-de-justicia-santiago","status":"publish","type":"post","link":"https:\/\/hormigaradio.com\/?p=20448","title":{"rendered":"ENCUENTRAN AHORCADO RECLUSO EN C\u00c1RCEL PREVENTIVA PALACIO DE JUSTICIA SANTIAGO"},"content":{"rendered":"<div class=\"autor-share-holder flex-container align-center justify-between\">\n<div class=\"autor flex-container align-center\">\n<figure>Por <span class=\"name font-700\"><a title=\"M\u00e1ximo Laureano\" href=\"https:\/\/acento.com.do\/autor\/mlaureano.html\">M\u00e1ximo Laureano<\/a><\/span><\/figure>\n<\/div>\n<div class=\"article-audio-container\">\n<div class=\"audio-btns-holder\"><\/div>\n<\/div>\n<\/div>\n<div class=\"article-body\">\n<p><iframe loading=\"lazy\" title=\"Procurador Bircan informa sobre muerte de recluso en Santiago\" src=\"https:\/\/player.vimeo.com\/video\/954039209?title=0&amp;amp;byline=0\" width=\"1080\" height=\"1350\" frameborder=\"0\" data-mce-fragment=\"1\"><\/iframe><\/p>\n<p>El procurador de la Corte Apelaci\u00f3n de Santiago, Juan Carlos Bircan, confirm\u00f3 este mi\u00e9rcoles la muerte de un recluso en la c\u00e1rcel preventiva del Palacio de Justicia.<\/p>\n<p>Se trata de \u00c1lvaro Francisco de la Rosa, de 41 a\u00f1os de edad, quien esperaba por una medida de coerci\u00f3n por su presunta vinculaci\u00f3n a un caso de violaci\u00f3n sexual.<\/p>\n<p>Seg\u00fan el procurador de la Corte de Apelaci\u00f3n, el recluso fue encontrado muerto, con signos de ahorcamiento, en la celda preventiva.<\/p>\n<p>En relaci\u00f3n al hecho, el funcionario del\u00a0<strong>Ministerio P\u00fablico<\/strong>\u00a0dijo que, tras el levantamiento del cuerpo, se inici\u00f3 el proceso de investigaci\u00f3n para determinar como ocurri\u00f3 el hecho.<\/p>\n<\/div>\n<p>Impactos: 27<\/p>","protected":false},"excerpt":{"rendered":"<p>Por M\u00e1ximo Laureano El procurador de la Corte Apelaci\u00f3n de Santiago, Juan Carlos Bircan, confirm\u00f3 este mi\u00e9rcoles la muerte de un recluso en la<\/p>\n","protected":false},"author":3,"featured_media":20449,"comment_status":"closed","ping_status":"closed","sticky":false,"template":"","format":"standard","meta":[],"categories":[3],"tags":[],"_links":{"self":[{"href":"https:\/\/hormigaradio.com\/index.php?rest_route=\/wp\/v2\/posts\/20448"}],"collection":[{"href":"https:\/\/hormigaradio.com\/index.php?rest_route=\/wp\/v2\/posts"}],"about":[{"href":"https:\/\/hormigaradio.com\/index.php?rest_route=\/wp\/v2\/types\/post"}],"author":[{"embeddable":true,"href":"https:\/\/hormigaradio.com\/index.php?rest_route=\/wp\/v2\/users\/3"}],"replies":[{"embeddable":true,"href":"https:\/\/hormigaradio.com\/index.php?rest_route=%2Fwp%2Fv2%2Fcomments&post=20448"}],"version-history":[{"count":1,"href":"https:\/\/hormigaradio.com\/index.php?rest_route=\/wp\/v2\/posts\/20448\/revisions"}],"predecessor-version":[{"id":20450,"href":"https:\/\/hormigaradio.com\/index.php?rest_route=\/wp\/v2\/posts\/20448\/revisions\/20450"}],"wp:featuredmedia":[{"embeddable":true,"href":"https:\/\/hormigaradio.com\/index.php?rest_route=\/wp\/v2\/media\/20449"}],"wp:attachment":[{"href":"https:\/\/hormigaradio.com\/index.php?rest_route=%2Fwp%2Fv2%2Fmedia&parent=20448"}],"wp:term":[{"taxonomy":"category","embeddable":true,"href":"https:\/\/hormigaradio.com\/index.php?rest_route=%2Fwp%2Fv2%2Fcategories&post=20448"},{"taxonomy":"post_tag","embeddable":true,"href":"https:\/\/hormigaradio.com\/index.php?rest_route=%2Fwp%2Fv2%2Ftags&post=20448"}],"curies":[{"name":"wp","href":"https:\/\/api.w.org\/{rel}","templated":true}]}}