{"id":20451,"date":"2024-06-06T00:02:16","date_gmt":"2024-06-06T00:02:16","guid":{"rendered":"https:\/\/hormigaradio.com\/?p=20451"},"modified":"2024-06-06T00:07:31","modified_gmt":"2024-06-06T00:07:31","slug":"vicepresidenta-raquel-pena-envia-mensaje-contundente-a-empresarios-obre-reforma-fiscal","status":"publish","type":"post","link":"https:\/\/hormigaradio.com\/?p=20451","title":{"rendered":"VICEPRESIDENTA RAQUEL PE\u00d1A ENV\u00cdA MENSAJE CONTUNDENTE A EMPRESARIOS OBRE REFORMA FISCAL"},"content":{"rendered":"<p><img loading=\"lazy\" class=\"alignnone wp-image-15152\" src=\"http:\/\/hormigaradio.com\/wp-content\/uploads\/2022\/01\/FIRMA-para-Hormiga-Radio-300x158.jpeg\" alt=\"\" width=\"80\" height=\"42\" \/><\/p>\n<p><iframe loading=\"lazy\"  id=\"_ytid_39076\" width=\"715\" height=\"402\"  data-origwidth=\"715\" data-origheight=\"402\"  src=\"https:\/\/www.youtube.com\/embed\/yZFiNSajjcI?enablejsapi=1&#038;autoplay=0&#038;cc_load_policy=0&#038;iv_load_policy=1&#038;loop=0&#038;modestbranding=0&#038;rel=1&#038;fs=1&#038;playsinline=0&#038;autohide=2&#038;theme=dark&#038;color=red&#038;controls=1&#038;\" class=\"__youtube_prefs__\" title=\"YouTube player\"  allow=\"autoplay; encrypted-media\" allowfullscreen data-no-lazy=\"1\" data-skipgform_ajax_framebjll=\"\"><\/iframe><\/p>\n<p>La vicepresidenta de la Rep\u00fablica, Raquel Pe\u00f1a, destac\u00f3 este mi\u00e9rcoles que &#8220;la \u00fanica forma de reducir la desigualdad es a trav\u00e9s de una fiscalidad consolidada y sostenible en el tiempo, que permita al Estado realizar las reformas, programas y acciones que contribuyan gradualmente a elevar la participaci\u00f3n del factor trabajo en la distribuci\u00f3n del ingreso nacional&#8221;.<\/p>\n<p>La vicemandataria se expres\u00f3 en estos t\u00e9rminos durante su participaci\u00f3n en la celebraci\u00f3n del D\u00eda Nacional de la Empresa Privada y 61 aniversario del Consejo Nacional de la Empresa Privada (Conep), donde afirm\u00f3 que el Gobierno cree en la triple f\u00f3rmula: inversi\u00f3n, seguridad jur\u00eddica y reformas estructurales.<\/p>\n<p>Pe\u00f1a sostuvo que el aporte del tejido empresarial es fundamental &#8220;ante el reto impostergable que tiene la naci\u00f3n para avanzar hacia una fiscalidad sostenible en el tiempo&#8221;.<\/p>\n<p>La vicepresidenta explic\u00f3 que aspirar a una reforma fiscal que reduzca el gasto social y que aumente la tributaci\u00f3n que recae exclusivamente en los asalariados y los consumidores, solo contribuir\u00eda a profundizar la desigualdad.<\/p>\n<p>&#8220;Ha llegado el momento de que el sector empresarial reconozca que este sistema capitalista que hoy exhibimos necesita ajustes que lo transformen en un sistema m\u00e1s humano y equitativo para todos&#8221;, a\u00f1adi\u00f3.<\/p>\n<p>En el marco de sus palabras, la vicepresidenta felicit\u00f3 al Conep y reafirm\u00f3 el compromiso del Gobierno, encabezado por el presidente Luis Abinader, de seguir avanzando juntos hacia un ma\u00f1ana todav\u00eda mejor para todas las familias dominicanas.<\/p>\n<p>&#8220;La sinergia entre el Gobierno y el sector privado es una fuerza poderosa y transformadora. Cuando trabajamos de la mano, los resultados son evidentes: desarrollo econ\u00f3mico sostenido, generaci\u00f3n de empleo, mejora de infraestructura, atracci\u00f3n de inversiones, mayores niveles de estabilidad, confianza, innovaci\u00f3n y competitividad&#8221;, puntualiz\u00f3.<\/p>\n<p>De su lado, el presidente del Conep, Celso Juan Marranzini, destac\u00f3 que para incidir en el d\u00e9ficit anual que ronda el 5 % del PIB se deben producir acuerdos para el pacto nacional, como el respeto a los principios de legalidad, justicia, igualdad y equidad en el r\u00e9gimen tributario y que sea un sistema \u00e1gil y simple.<\/p>\n<p>Marranzini tambi\u00e9n se refiri\u00f3 a la reforma y dijo coincidir en que el abordaje del tema fiscal no debe ser visto de manera segregada ni coyuntural, si no que debe ser objeto de &#8220;un amplio proceso de consulta y discusi\u00f3n, que conduzca, como ha dicho el presidente Abinader, a la concertaci\u00f3n integral de un gran pacto de naci\u00f3n&#8221;.<\/p>\n<p>El empresario dijo, adem\u00e1s, que hist\u00f3ricamente el Conep ha sido un actor clave en el debate sobre reformas en el pa\u00eds y que est\u00e1n en la disposici\u00f3n de ser parte de un di\u00e1logo que les permita &#8220;contribuir a la construcci\u00f3n de una mejor Rep\u00fablica Dominicana&#8221;.<\/p>\n<p>De igual modo, se\u00f1al\u00f3 que &#8220;hoy m\u00e1s que nunca es propicio hacer un llamado a el liderazgo pol\u00edtico, social y empresarial de la naci\u00f3n, para fomentar un di\u00e1logo en torno a estas necesarias reformas en el que prime sobre todo el inter\u00e9s nacional para lograr que las transformaciones necesarias y siga por el sendero del crecimiento econ\u00f3mico sostenible con bienestar social&#8221;.<\/p>\n<p>Durante el acto, la primera vez que la celebraci\u00f3n toma escenario en Santiago, se reconocieron a las organizaciones del Cibao que han contribuido con el desarrollo del pa\u00eds como la Asociaci\u00f3n de Industriales de la Regi\u00f3n Norte (AIREN), Asociaci\u00f3n de Comerciantes e Industriales (ACIS), C\u00e1mara de Comercio y Producci\u00f3n de Santiago (CCPS) y Compromiso Santiago.<\/p>\n<p>Al evento asistieron diversos l\u00edderes empresariales, pol\u00edticos y sociales, as\u00ed como funcionarios nacionales y municipales.<\/p>\n<p>Impactos: 34<\/p>","protected":false},"excerpt":{"rendered":"<p>La vicepresidenta de la Rep\u00fablica, Raquel Pe\u00f1a, destac\u00f3 este mi\u00e9rcoles que &#8220;la \u00fanica forma de reducir la desigualdad es a trav\u00e9s de una fiscalidad<\/p>\n","protected":false},"author":3,"featured_media":20453,"comment_status":"closed","ping_status":"closed","sticky":false,"template":"","format":"standard","meta":[],"categories":[3],"tags":[],"_links":{"self":[{"href":"https:\/\/hormigaradio.com\/index.php?rest_route=\/wp\/v2\/posts\/20451"}],"collection":[{"href":"https:\/\/hormigaradio.com\/index.php?rest_route=\/wp\/v2\/posts"}],"about":[{"href":"https:\/\/hormigaradio.com\/index.php?rest_route=\/wp\/v2\/types\/post"}],"author":[{"embeddable":true,"href":"https:\/\/hormigaradio.com\/index.php?rest_route=\/wp\/v2\/users\/3"}],"replies":[{"embeddable":true,"href":"https:\/\/hormigaradio.com\/index.php?rest_route=%2Fwp%2Fv2%2Fcomments&post=20451"}],"version-history":[{"count":4,"href":"https:\/\/hormigaradio.com\/index.php?rest_route=\/wp\/v2\/posts\/20451\/revisions"}],"predecessor-version":[{"id":20456,"href":"https:\/\/hormigaradio.com\/index.php?rest_route=\/wp\/v2\/posts\/20451\/revisions\/20456"}],"wp:featuredmedia":[{"embeddable":true,"href":"https:\/\/hormigaradio.com\/index.php?rest_route=\/wp\/v2\/media\/20453"}],"wp:attachment":[{"href":"https:\/\/hormigaradio.com\/index.php?rest_route=%2Fwp%2Fv2%2Fmedia&parent=20451"}],"wp:term":[{"taxonomy":"category","embeddable":true,"href":"https:\/\/hormigaradio.com\/index.php?rest_route=%2Fwp%2Fv2%2Fcategories&post=20451"},{"taxonomy":"post_tag","embeddable":true,"href":"https:\/\/hormigaradio.com\/index.php?rest_route=%2Fwp%2Fv2%2Ftags&post=20451"}],"curies":[{"name":"wp","href":"https:\/\/api.w.org\/{rel}","templated":true}]}}