{"id":20457,"date":"2024-06-07T00:05:07","date_gmt":"2024-06-07T00:05:07","guid":{"rendered":"https:\/\/hormigaradio.com\/?p=20457"},"modified":"2024-06-07T00:07:12","modified_gmt":"2024-06-07T00:07:12","slug":"familiares-llevan-muerto-al-palacio-de-justicia-santiago-para-exigir-investigacion-del-caso","status":"publish","type":"post","link":"https:\/\/hormigaradio.com\/?p=20457","title":{"rendered":"FAMILIARES LLEVAN MUERTO AL PALACIO DE JUSTICIA SANTIAGO PARA EXIGIR INVESTIGACI\u00d3N DEL CASO"},"content":{"rendered":"<p>Por\u00a0<span class=\"name font-700\"><a title=\"M\u00e1ximo Laureano\" href=\"https:\/\/acento.com.do\/autor\/mlaureano.html\">M\u00e1ximo Laureano<\/a><\/span><\/p>\n<p>&nbsp;<\/p>\n<div class=\"article-body\">\n<p><iframe loading=\"lazy\" title=\"Familiares llevan muerto al Palacio de Justicia Santiago para exigir investigaci\u00f3n del caso\" src=\"https:\/\/player.vimeo.com\/video\/954459207?title=0&amp;amp;byline=0\" width=\"1080\" height=\"1350\" frameborder=\"0\" data-mce-fragment=\"1\"><\/iframe><\/p>\n<p>Familiares y allegados a\u00a0<a href=\"https:\/\/acento.com.do\/actualidad\/encuentran-ahorcado-recluso-en-carcel-preventiva-palacio-de-justicia-santiago-9349688.html\">\u00c1lvaro Francisco de la Rosa<\/a>, recluso hallado muerto en la c\u00e1rcel preventiva del Palacio de Justicia Santiago, llevaron el cad\u00e1ver a esta sede para exigir que se aclare el caso.<\/p>\n<p>Los deudos del recluso hallado ahorcado este martes, alegan que su pariente no se suicid\u00f3, sino que se trat\u00f3 de un asesinato, raz\u00f3n por la cual exigen se identifique a los responsables del hecho.<\/p>\n<p>Asimismo, los parientes de De la Rosa afirmaron que su pariente no falleci\u00f3 el martes, como reportaron las autoridades, sino antes.<\/p>\n<p>Los familiares del recluso se trasladaron con el f\u00e9retro desde el barrio Hermanas Mirabal (Yaguita del Ejido) e hicieron una parada para protestar en la explanada del edificio de acciones judiciales.<\/p>\n<figure class=\"no-caption\"><img class=\"i-amphtml-fill-content i-amphtml-replaced-content\" title=\"Familiares-llevan-muerto-al-Palacio-de-Justicia-Santiago-para-exigir-investigacion-del-caso1-728x410\" src=\"https:\/\/media.acento.com.do\/media\/storage02\/uploads\/2024\/06\/Familiares-llevan-muerto-al-Palacio-de-Justicia-Santiago-para-exigir-investigacion-del-caso1-728x410.webp\" alt=\"Familiares-llevan-muerto-al-Palacio-de-Justicia-Santiago-para-exigir-investigacion-del-caso1-728x410\" \/><\/figure>\n<p>El relaci\u00f3n al caso, el procurador de la Corte de Apelaci\u00f3n de Santiago, Juan Carlos Bircan, dijo que se hab\u00edan iniciado los procesos de investigaci\u00f3n para determinar las circunstancias en que falleci\u00f3 el recluso, quien desde el pasado lunes esperaba el conocimiento de una medida de coerci\u00f3n, por presunta vinculaci\u00f3n sexual.<\/p>\n<div class=\"banner-box\">\n<div id=\"div-gpt-news-middle-2-1\" data-google-query-id=\"CJjb8oiYyIYDFVGvywEdWK4J8w\">\n<div id=\"google_ads_iframe_\/5168668\/News_Middle_02_0__container__\">La acci\u00f3n de de llevar el cad\u00e1ver a la sede judicial gener\u00f3 un alboroto en los alrededores, no siendo esta la primera vez que familiares trasladan un fallecido al Palacio de Justicia de Santiago para reclamar justicia.<\/div>\n<\/div>\n<\/div>\n<\/div>\n<p>Impactos: 28<\/p>","protected":false},"excerpt":{"rendered":"<p>Por\u00a0M\u00e1ximo Laureano &nbsp; Familiares y allegados a\u00a0\u00c1lvaro Francisco de la Rosa, recluso hallado muerto en la c\u00e1rcel preventiva del Palacio de Justicia Santiago, llevaron<\/p>\n","protected":false},"author":3,"featured_media":20459,"comment_status":"closed","ping_status":"closed","sticky":false,"template":"","format":"standard","meta":[],"categories":[3],"tags":[],"_links":{"self":[{"href":"https:\/\/hormigaradio.com\/index.php?rest_route=\/wp\/v2\/posts\/20457"}],"collection":[{"href":"https:\/\/hormigaradio.com\/index.php?rest_route=\/wp\/v2\/posts"}],"about":[{"href":"https:\/\/hormigaradio.com\/index.php?rest_route=\/wp\/v2\/types\/post"}],"author":[{"embeddable":true,"href":"https:\/\/hormigaradio.com\/index.php?rest_route=\/wp\/v2\/users\/3"}],"replies":[{"embeddable":true,"href":"https:\/\/hormigaradio.com\/index.php?rest_route=%2Fwp%2Fv2%2Fcomments&post=20457"}],"version-history":[{"count":1,"href":"https:\/\/hormigaradio.com\/index.php?rest_route=\/wp\/v2\/posts\/20457\/revisions"}],"predecessor-version":[{"id":20458,"href":"https:\/\/hormigaradio.com\/index.php?rest_route=\/wp\/v2\/posts\/20457\/revisions\/20458"}],"wp:featuredmedia":[{"embeddable":true,"href":"https:\/\/hormigaradio.com\/index.php?rest_route=\/wp\/v2\/media\/20459"}],"wp:attachment":[{"href":"https:\/\/hormigaradio.com\/index.php?rest_route=%2Fwp%2Fv2%2Fmedia&parent=20457"}],"wp:term":[{"taxonomy":"category","embeddable":true,"href":"https:\/\/hormigaradio.com\/index.php?rest_route=%2Fwp%2Fv2%2Fcategories&post=20457"},{"taxonomy":"post_tag","embeddable":true,"href":"https:\/\/hormigaradio.com\/index.php?rest_route=%2Fwp%2Fv2%2Ftags&post=20457"}],"curies":[{"name":"wp","href":"https:\/\/api.w.org\/{rel}","templated":true}]}}