{"id":20460,"date":"2024-06-07T00:10:06","date_gmt":"2024-06-07T00:10:06","guid":{"rendered":"https:\/\/hormigaradio.com\/?p=20460"},"modified":"2024-06-07T00:11:28","modified_gmt":"2024-06-07T00:11:28","slug":"policia-confirma-robo-en-residencial-pero-niega-violencia-contra-las-victimas","status":"publish","type":"post","link":"https:\/\/hormigaradio.com\/?p=20460","title":{"rendered":"POLIC\u00cdA CONFIRMA ROBO EN RESIDENCIAL, PERO NIEGA VIOLENCIA CONTRA LAS V\u00cdCTIMAS"},"content":{"rendered":"<p>Por\u00a0<span class=\"name font-700\"><a title=\"M\u00e1ximo Laureano\" href=\"https:\/\/acento.com.do\/autor\/mlaureano.html\">M\u00e1ximo Laureano<\/a><\/span><\/p>\n<p>La Polic\u00eda Nacional confirm\u00f3 el robo este jueves en una residencia particular del sector Las Carmelitas, en Santiago, pero desminti\u00f3 acciones de violencia contra las victimas, o que estas hayan sido amarradas, como se divulg\u00f3 en algunos medios informativos.<\/p>\n<p>La vocera de la instituci\u00f3n en Santiago, Fior D&#8217; Aliza Popa Arias, dijo que se presume que los autores de este hecho delictivo &#8220;podr\u00edan ser personas que conoc\u00edan el espacio&#8221; y a las v\u00edctimas, a las que no identific\u00f3.<\/p>\n<p>Por lo mismo, Popa Arias revel\u00f3 que la trabajadora de la casa y el vigilante del residencial han sido arrestados para esclarecer el asunto.<\/p>\n<p><iframe loading=\"lazy\" title=\"Polic\u00eda confirma robo residencial en Santiago y niega que hayan dejado amarradas a las v\u00edctimas\" src=\"https:\/\/player.vimeo.com\/video\/954572847?title=0&amp;amp;byline=0\" width=\"800\" height=\"1000\" frameborder=\"0\" data-mce-fragment=\"1\"><\/iframe><\/p>\n<p>Tambi\u00e9n se entrevista, dijo, a otras personas que habr\u00edan estado en el entorno de la vivienda al momento del asalto.<\/p>\n<p>Los delincuentes cargaron con varias pertenencias, aunque no se han ofrecido detalles de lo robado. Ello dio pie a que de manera extraoficial se hable de prendas y tel\u00e9fonos celulares.<\/p>\n<p>Impactos: 23<\/p>","protected":false},"excerpt":{"rendered":"<p>Por\u00a0M\u00e1ximo Laureano La Polic\u00eda Nacional confirm\u00f3 el robo este jueves en una residencia particular del sector Las Carmelitas, en Santiago, pero desminti\u00f3 acciones de<\/p>\n","protected":false},"author":3,"featured_media":20462,"comment_status":"closed","ping_status":"closed","sticky":false,"template":"","format":"standard","meta":[],"categories":[3],"tags":[],"_links":{"self":[{"href":"https:\/\/hormigaradio.com\/index.php?rest_route=\/wp\/v2\/posts\/20460"}],"collection":[{"href":"https:\/\/hormigaradio.com\/index.php?rest_route=\/wp\/v2\/posts"}],"about":[{"href":"https:\/\/hormigaradio.com\/index.php?rest_route=\/wp\/v2\/types\/post"}],"author":[{"embeddable":true,"href":"https:\/\/hormigaradio.com\/index.php?rest_route=\/wp\/v2\/users\/3"}],"replies":[{"embeddable":true,"href":"https:\/\/hormigaradio.com\/index.php?rest_route=%2Fwp%2Fv2%2Fcomments&post=20460"}],"version-history":[{"count":1,"href":"https:\/\/hormigaradio.com\/index.php?rest_route=\/wp\/v2\/posts\/20460\/revisions"}],"predecessor-version":[{"id":20461,"href":"https:\/\/hormigaradio.com\/index.php?rest_route=\/wp\/v2\/posts\/20460\/revisions\/20461"}],"wp:featuredmedia":[{"embeddable":true,"href":"https:\/\/hormigaradio.com\/index.php?rest_route=\/wp\/v2\/media\/20462"}],"wp:attachment":[{"href":"https:\/\/hormigaradio.com\/index.php?rest_route=%2Fwp%2Fv2%2Fmedia&parent=20460"}],"wp:term":[{"taxonomy":"category","embeddable":true,"href":"https:\/\/hormigaradio.com\/index.php?rest_route=%2Fwp%2Fv2%2Fcategories&post=20460"},{"taxonomy":"post_tag","embeddable":true,"href":"https:\/\/hormigaradio.com\/index.php?rest_route=%2Fwp%2Fv2%2Ftags&post=20460"}],"curies":[{"name":"wp","href":"https:\/\/api.w.org\/{rel}","templated":true}]}}