{"id":20546,"date":"2024-06-12T23:24:59","date_gmt":"2024-06-12T23:24:59","guid":{"rendered":"https:\/\/hormigaradio.com\/?p=20546"},"modified":"2024-06-12T23:28:21","modified_gmt":"2024-06-12T23:28:21","slug":"fallecio-en-houston-texas-medico-cardiologo-manuel-lora-perello","status":"publish","type":"post","link":"https:\/\/hormigaradio.com\/?p=20546","title":{"rendered":"FALLECI\u00d3 EN HOUSTON, TEXAS M\u00c9DICO-CARDI\u00d3LOGO MANUEL LORA PERELL\u00d3"},"content":{"rendered":"<p><img loading=\"lazy\" class=\"alignnone wp-image-15152\" src=\"http:\/\/hormigaradio.com\/wp-content\/uploads\/2022\/01\/FIRMA-para-Hormiga-Radio-300x158.jpeg\" alt=\"\" width=\"80\" height=\"42\" \/><\/p>\n<p>Luego de ser trasladado al\u00a0 Hosuton, Texas, Estados Unidos,\u00a0 falleci\u00f3 este mi\u00e9rcoles,\u00a0 el m\u00e9dico\u00a0 cardi\u00f3logo, \u00a0Manuel Jacinto Lora Perell\u00f3, quien era director de la secci\u00f3n Norcentral del Servicio Nacional de Salud (SNS), con sede en Santiago.<\/p>\n<p>Manuel Lora Perell\u00f3, de 67 a\u00f1os de edad, hab\u00eda sido ingresado en el hospital Uni\u00f3n M\u00e9dica del Norte, tras sufrir un trauma craneoencef\u00e1lico debido a una ca\u00edda, en un establecimiento comercial, situaci\u00f3n que desencaden\u00f3 en un accidente cerebrovascular el pasado 2 de junio.<\/p>\n<p>Sobre su estado de salud, el director del Consejo de Administraci\u00f3n de la Uni\u00f3n M\u00e9dica del Norte, Juli\u00e1n \u00a0Sued, hab\u00eda informado el lunes 10 de junio del 2024,\u00a0 que el paciente\u00a0 segu\u00eda en condiciones cr\u00edticas.<\/p>\n<p>El martes del m\u00e9dico y funcionario del \u00e1rea de la salud, fue trasladado a un hospital en Houston, Texas, para continuar con el proceso de evaluaciones de paciente cr\u00edtico.<\/p>\n<p>Adem\u00e1s de ofrecer sus servicios como profesional de la medicina, sus labores como funcionario del Servicio Nacional de Salud, Lora Perell\u00f3, era \u00a0vicepresidente municipal del Partido Revolucionario Moderno (PRM), organizaci\u00f3n pol\u00edtica, en la cual procur\u00f3 la candidatura a la Alcald\u00eda, en\u00a0\u00a0\u00a0 dos ocasiones.<\/p>\n<p>Seg\u00fan informaciones de fuentes allegadas al m\u00e9dico Lora Perell\u00f3, su deceso se produjo pasadas \u00a0las 3:00 de la tarde, en un hospital de Houston, Texas Estados Unidos, a donde hab\u00eda \u00a0trasladado en un avi\u00f3n ambulancia.<\/p>\n<p>Familiares del\u00a0 cardi\u00f3logo, Lora Perell\u00f3\u00a0 confirmaron que\u00a0 m\u00e1s adelante,\u00a0 informar\u00e1n, sobre las honra\u00a0 f\u00fanebres de su pariente.<\/p>\n<p>Impactos: 39<\/p>","protected":false},"excerpt":{"rendered":"<p>Luego de ser trasladado al\u00a0 Hosuton, Texas, Estados Unidos,\u00a0 falleci\u00f3 este mi\u00e9rcoles,\u00a0 el m\u00e9dico\u00a0 cardi\u00f3logo, \u00a0Manuel Jacinto Lora Perell\u00f3, quien era director de la<\/p>\n","protected":false},"author":3,"featured_media":20548,"comment_status":"closed","ping_status":"closed","sticky":false,"template":"","format":"standard","meta":[],"categories":[3],"tags":[],"_links":{"self":[{"href":"https:\/\/hormigaradio.com\/index.php?rest_route=\/wp\/v2\/posts\/20546"}],"collection":[{"href":"https:\/\/hormigaradio.com\/index.php?rest_route=\/wp\/v2\/posts"}],"about":[{"href":"https:\/\/hormigaradio.com\/index.php?rest_route=\/wp\/v2\/types\/post"}],"author":[{"embeddable":true,"href":"https:\/\/hormigaradio.com\/index.php?rest_route=\/wp\/v2\/users\/3"}],"replies":[{"embeddable":true,"href":"https:\/\/hormigaradio.com\/index.php?rest_route=%2Fwp%2Fv2%2Fcomments&post=20546"}],"version-history":[{"count":1,"href":"https:\/\/hormigaradio.com\/index.php?rest_route=\/wp\/v2\/posts\/20546\/revisions"}],"predecessor-version":[{"id":20547,"href":"https:\/\/hormigaradio.com\/index.php?rest_route=\/wp\/v2\/posts\/20546\/revisions\/20547"}],"wp:featuredmedia":[{"embeddable":true,"href":"https:\/\/hormigaradio.com\/index.php?rest_route=\/wp\/v2\/media\/20548"}],"wp:attachment":[{"href":"https:\/\/hormigaradio.com\/index.php?rest_route=%2Fwp%2Fv2%2Fmedia&parent=20546"}],"wp:term":[{"taxonomy":"category","embeddable":true,"href":"https:\/\/hormigaradio.com\/index.php?rest_route=%2Fwp%2Fv2%2Fcategories&post=20546"},{"taxonomy":"post_tag","embeddable":true,"href":"https:\/\/hormigaradio.com\/index.php?rest_route=%2Fwp%2Fv2%2Ftags&post=20546"}],"curies":[{"name":"wp","href":"https:\/\/api.w.org\/{rel}","templated":true}]}}