{"id":20573,"date":"2024-06-17T20:53:20","date_gmt":"2024-06-17T20:53:20","guid":{"rendered":"https:\/\/hormigaradio.com\/?p=20573"},"modified":"2024-06-17T20:56:00","modified_gmt":"2024-06-17T20:56:00","slug":"reguetonero-don-omar-anuncia-que-tiene-cancer","status":"publish","type":"post","link":"https:\/\/hormigaradio.com\/?p=20573","title":{"rendered":"REGUETONERO DON OMAR ANUNCIA  QUE TIENE C\u00c1NCER"},"content":{"rendered":"<figure><a title=\"Servicios de Acento.com.do\" href=\"https:\/\/acento.com.do\/autor\/servicios.html\"><img class=\"i-amphtml-fill-content i-amphtml-replaced-content\" src=\"https:\/\/media.acento.com.do\/media\/storage02\/uploads\/2023\/06\/Coverimage-user-1-50x50.webp\" alt=\"Servicios de Acento.com.do\" \/><\/a><\/figure>\n<div class=\"extra-holder\">\n<p>Por\u00a0<span class=\"name font-700\"><a title=\"Servicios de Acento.com.do\" href=\"https:\/\/acento.com.do\/autor\/servicios.html\">Servicios de Acento.com.do<\/a><\/span><\/p>\n<\/div>\n<p><strong>William Omar Ladr\u00f3n Rivera<\/strong>, el reguetonero conocido como<strong>\u00a0Don Omar,<\/strong>\u00a0revel\u00f3 este lunes que padece de\u00a0<strong>c\u00e1ncer,\u00a0<\/strong>a trav\u00e9s de un mensaje colgado en su cuenta de\u00a0<strong>Instagram<\/strong>.<\/p>\n<div class=\"sbi-embed-wrap\">\n<p><iframe id=\"instagram-embed-0\" class=\"instagram-media sbi-embed instagram-media-rendered\" src=\"https:\/\/www.instagram.com\/p\/C8T7fJsubzK\/embed\/captioned\/?cr=1&amp;v=14&amp;wp=591&amp;rd=https%3A%2F%2Facento.com.do&amp;rp=%2Factualidad%2Fdon-omar-estrella-del-regueton-anuncia-que-tiene-cancer-9354587.html#%7B%22ci%22%3A0%2C%22os%22%3A465.29999999701977%7D\" height=\"738\" frameborder=\"0\" scrolling=\"no\" allowfullscreen=\"allowfullscreen\" data-instgrm-payload-id=\"instagram-media-payload-0\" data-mce-fragment=\"1\"><\/iframe><\/p>\n<\/div>\n<blockquote><p>\u201cHoy s\u00ed, pero ma\u00f1ana no tendr\u00e9 c\u00e1ncer. Las buenas intenciones son bien recibidas. Nos vemos pronto #fuckcancer\u201d, fueron sus palabras en Instagram.<\/p><\/blockquote>\n<p>El\u00a0<strong>mensaje<\/strong>\u00a0fue compartido con una imagen de un brazalete del\u00a0<strong>Orlando Health<\/strong>, una red de\u00a0<strong>hospitales<\/strong>\u00a0con base en Florida.<\/p>\n<p><strong>Don Omar,\u00a0<\/strong>de 46 a\u00f1os<strong>,<\/strong>\u00a0es un veterano exponente del\u00a0<strong>reguet\u00f3n<\/strong>, reconocido por \u00e9xitos como \u201cDale Don dale\u201d, \u201cDile\u201d, \u201cOjitos chiquitos\u201d, \u201cSali\u00f3 el sol\u201d y \u201cDanza kuduro\u201d.<\/p>\n<div class=\"banner-box\"><\/div>\n<p>Ha sido una figura instrumental en la popularizaci\u00f3n del g\u00e9nero a nivel global, junto a otros artistas como\u00a0<strong>Daddy Yankee<\/strong>\u00a0y\u00a0<strong>Tego Calder\u00f3n<\/strong>.<\/p>\n<p>El artista ha lanzado varios \u00e1lbumes exitosos como su\u00a0<strong>\u00e1lbum debut,\u00a0<em>The Last Don<\/em><\/strong>, publicado en 2003, y\u00a0<em>Meet The Orphans<\/em>\u00a0en 2010, considerados pilares fundamentales en la historia y el desarrollo del\u00a0<strong>reguet\u00f3n<\/strong>\u00a0y la m\u00fasica latina en general.<\/p>\n<p>A lo largo de su carrera, ha ganado tres premios\u00a0<strong>Grammy Latino<\/strong>\u00a0y ha sido nominado un total de trece veces.<\/p>\n<p>Impactos: 25<\/p>","protected":false},"excerpt":{"rendered":"<p>Por\u00a0Servicios de Acento.com.do William Omar Ladr\u00f3n Rivera, el reguetonero conocido como\u00a0Don Omar,\u00a0revel\u00f3 este lunes que padece de\u00a0c\u00e1ncer,\u00a0a trav\u00e9s de un mensaje colgado en su<\/p>\n","protected":false},"author":3,"featured_media":20575,"comment_status":"closed","ping_status":"closed","sticky":false,"template":"","format":"standard","meta":[],"categories":[3],"tags":[],"_links":{"self":[{"href":"https:\/\/hormigaradio.com\/index.php?rest_route=\/wp\/v2\/posts\/20573"}],"collection":[{"href":"https:\/\/hormigaradio.com\/index.php?rest_route=\/wp\/v2\/posts"}],"about":[{"href":"https:\/\/hormigaradio.com\/index.php?rest_route=\/wp\/v2\/types\/post"}],"author":[{"embeddable":true,"href":"https:\/\/hormigaradio.com\/index.php?rest_route=\/wp\/v2\/users\/3"}],"replies":[{"embeddable":true,"href":"https:\/\/hormigaradio.com\/index.php?rest_route=%2Fwp%2Fv2%2Fcomments&post=20573"}],"version-history":[{"count":2,"href":"https:\/\/hormigaradio.com\/index.php?rest_route=\/wp\/v2\/posts\/20573\/revisions"}],"predecessor-version":[{"id":20576,"href":"https:\/\/hormigaradio.com\/index.php?rest_route=\/wp\/v2\/posts\/20573\/revisions\/20576"}],"wp:featuredmedia":[{"embeddable":true,"href":"https:\/\/hormigaradio.com\/index.php?rest_route=\/wp\/v2\/media\/20575"}],"wp:attachment":[{"href":"https:\/\/hormigaradio.com\/index.php?rest_route=%2Fwp%2Fv2%2Fmedia&parent=20573"}],"wp:term":[{"taxonomy":"category","embeddable":true,"href":"https:\/\/hormigaradio.com\/index.php?rest_route=%2Fwp%2Fv2%2Fcategories&post=20573"},{"taxonomy":"post_tag","embeddable":true,"href":"https:\/\/hormigaradio.com\/index.php?rest_route=%2Fwp%2Fv2%2Ftags&post=20573"}],"curies":[{"name":"wp","href":"https:\/\/api.w.org\/{rel}","templated":true}]}}