{"id":20582,"date":"2024-06-17T21:15:01","date_gmt":"2024-06-17T21:15:01","guid":{"rendered":"https:\/\/hormigaradio.com\/?p=20582"},"modified":"2024-06-17T21:17:28","modified_gmt":"2024-06-17T21:17:28","slug":"presidente-luis-abinader-encabeza-reunion-plan-de-seguridad","status":"publish","type":"post","link":"https:\/\/hormigaradio.com\/?p=20582","title":{"rendered":"PRESIDENTE LUIS ABINADER ENCABEZA REUNI\u00d3N PLAN DE SEGURIDAD"},"content":{"rendered":"<p><img loading=\"lazy\" class=\"alignnone wp-image-15152\" src=\"http:\/\/hormigaradio.com\/wp-content\/uploads\/2022\/01\/FIRMA-para-Hormiga-Radio-300x158.jpeg\" alt=\"\" width=\"80\" height=\"42\" \/><\/p>\n<p>El presidente Luis Abinader, encabeza en estos momentos la reuni\u00f3n de seguimiento al Plan de la Seguridad Ciudadana para seguir garantizando el bienestar en beneficio de los dominicanos.<\/p>\n<p>El encuentro inici\u00f3 a las 10:50 de la ma\u00f1ana, en el Sal\u00f3n del Club de Oficiales del Palacio de la Plic\u00eda Nacional, donde se contin\u00faan; evaluando las tareas asignadas, logros obtenidos y las medidas para continuar fortaleciendo la seguridad en el pa\u00eds.<\/p>\n<p>En esta ocasi\u00f3n participan en el encuentro los senadores electos de las provincias, Monte Cristi, Bernardo Alem\u00e1n; Hato Mayor, Crist\u00f3bal Castillo; Espaillat, Carlos G\u00f3mez; La Altagracia, Rafael Duluc; La Vega, Rogelio Genao; Santiago, Daniel Rivera; Duarte, Franklin Romero; Maria Trinidad S\u00e1nchez, Alexis Victoria Yeb y Saman\u00e1, Pedro Catrain.<\/p>\n<div style=\"width: 715px;\" class=\"wp-video\"><!--[if lt IE 9]><script>document.createElement('video');<\/script><![endif]-->\n<video class=\"wp-video-shortcode\" id=\"video-20582-1\" width=\"715\" height=\"405\" preload=\"metadata\" controls=\"controls\"><source type=\"video\/mp4\" src=\"http:\/\/hormigaradio.com\/wp-content\/uploads\/2024\/06\/WhatsApp-Video-2024-06-17-at-11.25.51-AM.mp4?_=1\" \/><a href=\"http:\/\/hormigaradio.com\/wp-content\/uploads\/2024\/06\/WhatsApp-Video-2024-06-17-at-11.25.51-AM.mp4\">http:\/\/hormigaradio.com\/wp-content\/uploads\/2024\/06\/WhatsApp-Video-2024-06-17-at-11.25.51-AM.mp4<\/a><\/video><\/div>\n<p>En compa\u00f1\u00eda del jefe de Estado est\u00e1n los ministros, de la Presidencia, Joel Santos; de Interior y Polic\u00eda, Jes\u00fas V\u00e1squez Mart\u00ednez; el director de la Polic\u00eda Nacional, mayor general Ram\u00f3n Antonio Guzm\u00e1n Peralta; el ministro de Defensa, teniente general Carlos Luciano D\u00edaz Morfa; el comandante general del Ej\u00e9rcito, mayor general Carlos Antonio Fern\u00e1ndez Onofre; el general de Brigada Paracaidista Mauricio Ludovino Fern\u00e1ndez Garc\u00eda, Subcomandante General FARD, en representaci\u00f3n del comandante general de la Fuerza A\u00e9rea, mayor general, Carlos Ram\u00f3n Febrillet Rodr\u00edguez y el comandante general de la\u00a0Armada\u00a0de Rep\u00fablica Dominicana, vicealmirante,\u00a0Agust\u00edn Alberto Morillo Rodr\u00edguez.<\/p>\n<p>Tambi\u00e9n, el presidente de la Direcci\u00f3n Nacional de Control de Drogas (DNCD), vicealmirante Jos\u00e9 Manuel Cabrera Ulloa; el titular de la Direcci\u00f3n General de Seguridad de Tr\u00e1nsito y Transporte Terrestre (Digesett), general Francisco Osoria de la Cruz; el director de la Polic\u00eda de Turismo (Politur), general Minoru Matsunaga; el subdirector de la Polic\u00eda Nacional, general Juan Hilario Guzm\u00e1n Bad\u00eda; el asesor del Poder Ejecutivo, John Huvane de Giuliani y el director de Asuntos Internos de la Polic\u00eda Nacional, general Ram\u00f3n Ram\u00edrez.<\/p>\n<p>Adem\u00e1s de los directores del Sistema Nacional de Atenci\u00f3n a Emergencias y Seguridad 9-1-1 y del INTRANT, coronel piloto, Randolfo Rijo G\u00f3mez; de la Polic\u00eda Escolar, coronel Mart\u00edn Miguel Tapia S\u00e1nchez; de Prisiones, Roberto Hern\u00e1ndez Basilio y el comisionado ejecutivo para Reforma Policial, Luis Ernesto Garc\u00eda Hern\u00e1ndez;<\/p>\n<p>En la reuni\u00f3n participan tambi\u00e9n la procuradora adjunta y titular de la Direcci\u00f3n de Persecuci\u00f3n del Ministerio P\u00fablico, Yeni Berenice Reynoso y una comisi\u00f3n de fiscales integrada por la del Distrito Nacional, Rosalba Ramos; de Santiago, Osvaldo Bonilla; de San Crist\u00f3bal, Fadulia Rosa; de La Vega, Aura Luz Garc\u00eda; de Mar\u00eda Trinidad S\u00e1nchez, Juan Antonio Mateo Cipri\u00e1n; de La Altagracia, Claudia Garrido; de San Pedro de Macor\u00eds, Suleika Mateo; de Duarte, Smaily Yamel Rodr\u00edguez; de Dajab\u00f3n, Yeisin Alc\u00e1ntara; de Espaillat, Yorelbin Rivas; de La Romana, Kevin Santana; de Santo Domingo Oeste, Eduard L\u00f3pez.<\/p>\n<p>As\u00ed como tambi\u00e9n los fiscales titulares de Santo Domingo Este, Milciades Guzm\u00e1n; de Barahona, Wellington Matos Espinal; de Peravia. \u00c1ngel Dar\u00edo Tejeda Fabal; de Valverde, V\u00edctor Mej\u00eda; de Hermanas Mirabal, Zoila Agustina Rodr\u00edguez Ynfante; de Puerto Plata, Kelmi D\u00fancan; de Monse\u00f1or Nouel, Joel L\u00f3pez y de San Juan, Adolfo Augusto Feliz P\u00e9rez.<\/p>\n<p>Direcci\u00f3n de Prensa del Presidente<\/p>\n<p>Impactos: 27<\/p>","protected":false},"excerpt":{"rendered":"<p>El presidente Luis Abinader, encabeza en estos momentos la reuni\u00f3n de seguimiento al Plan de la Seguridad Ciudadana para seguir garantizando el bienestar en<\/p>\n","protected":false},"author":3,"featured_media":20584,"comment_status":"closed","ping_status":"closed","sticky":false,"template":"","format":"standard","meta":[],"categories":[3],"tags":[],"_links":{"self":[{"href":"https:\/\/hormigaradio.com\/index.php?rest_route=\/wp\/v2\/posts\/20582"}],"collection":[{"href":"https:\/\/hormigaradio.com\/index.php?rest_route=\/wp\/v2\/posts"}],"about":[{"href":"https:\/\/hormigaradio.com\/index.php?rest_route=\/wp\/v2\/types\/post"}],"author":[{"embeddable":true,"href":"https:\/\/hormigaradio.com\/index.php?rest_route=\/wp\/v2\/users\/3"}],"replies":[{"embeddable":true,"href":"https:\/\/hormigaradio.com\/index.php?rest_route=%2Fwp%2Fv2%2Fcomments&post=20582"}],"version-history":[{"count":2,"href":"https:\/\/hormigaradio.com\/index.php?rest_route=\/wp\/v2\/posts\/20582\/revisions"}],"predecessor-version":[{"id":20586,"href":"https:\/\/hormigaradio.com\/index.php?rest_route=\/wp\/v2\/posts\/20582\/revisions\/20586"}],"wp:featuredmedia":[{"embeddable":true,"href":"https:\/\/hormigaradio.com\/index.php?rest_route=\/wp\/v2\/media\/20584"}],"wp:attachment":[{"href":"https:\/\/hormigaradio.com\/index.php?rest_route=%2Fwp%2Fv2%2Fmedia&parent=20582"}],"wp:term":[{"taxonomy":"category","embeddable":true,"href":"https:\/\/hormigaradio.com\/index.php?rest_route=%2Fwp%2Fv2%2Fcategories&post=20582"},{"taxonomy":"post_tag","embeddable":true,"href":"https:\/\/hormigaradio.com\/index.php?rest_route=%2Fwp%2Fv2%2Ftags&post=20582"}],"curies":[{"name":"wp","href":"https:\/\/api.w.org\/{rel}","templated":true}]}}