{"id":210,"date":"2017-12-06T02:39:11","date_gmt":"2017-12-06T02:39:11","guid":{"rendered":"http:\/\/hormigaradio.com\/?p=210"},"modified":"2017-12-06T02:39:59","modified_gmt":"2017-12-06T02:39:59","slug":"marcha-verde-solicita-al-congreso-un-juicio-politico-para-el-presidente-danilo-medina","status":"publish","type":"post","link":"https:\/\/hormigaradio.com\/?p=210","title":{"rendered":"Marcha Verde solicita al Congreso un juicio pol\u00edtico para el presidente Danilo Medina"},"content":{"rendered":"<div class=\"the-content\">\n<p><span class=\"author\"><a href=\"https:\/\/acento.com.do\/author\/kpimentel\/\">Kharla Pimentel \/Acento.com.do<\/a><\/span><\/p>\n<p><a href=\"http:\/\/hormigaradio.com\/wp-content\/uploads\/2017\/12\/danilo-congreso....jpg\"><img loading=\"lazy\" class=\"size-medium wp-image-211\" src=\"http:\/\/hormigaradio.com\/wp-content\/uploads\/2017\/12\/danilo-congreso...-300x200.jpg\" alt=\"\" width=\"300\" height=\"200\" srcset=\"https:\/\/hormigaradio.com\/wp-content\/uploads\/2017\/12\/danilo-congreso...-300x200.jpg 300w, https:\/\/hormigaradio.com\/wp-content\/uploads\/2017\/12\/danilo-congreso....jpg 500w\" sizes=\"(max-width: 300px) 100vw, 300px\" \/><\/a><\/p>\n<p>SANTO DOMINGO, Rep\u00fablica Dominicana.-Coreando consignas contra el gobernante dominicano el movimiento Marcha Verde deposit\u00f3 un proyecto de ley que exige un juicio pol\u00edtico contra el presidente Danilo Medina por supuestos hechos de corrupci\u00f3n.<\/p>\n<p>\u201cNing\u00fan proceso de investigaci\u00f3n que no incluya al Presidente Medina puede llegar a la ra\u00edz de la corrupci\u00f3n y la impunidad sist\u00e9mica en la Rep\u00fablica Dominicana\u201d, fueron las primeras palabras del vocero del movimiento, Carlos Pimentel.<\/p>\n<div class=\"wp-caption alignright\">\n<p><a href=\"https:\/\/ssl.c.photoshelter.com\/img-get\/I0000N.O4YSwT0BI\/s\/500\/I0000N.O4YSwT0BI.jpg\" data-slb-active=\"1\" data-slb-asset=\"1835101607\" data-slb-group=\"8515090\"><img loading=\"lazy\" class=\"\" src=\"https:\/\/ssl.c.photoshelter.com\/img-get\/I0000N.O4YSwT0BI\/s\/500\/I0000N.O4YSwT0BI.jpg\" alt=\"\" width=\"412\" height=\"275\" \/><\/a><\/p>\n<p class=\"wp-caption-text\">Edgar Hern\u00e1ndez\/Momento de entrega proyecto de ley.<\/p>\n<\/div>\n<p>Pimentel junto a otros representantes del movimiento Verde, fueron recibidos por los congresistas Fidelio Despradel, Fidel Santana y Faride Raful, quienes manifestaron que estudiar\u00e1n el proyecto.<\/p>\n<p>Resalt\u00f3 la relaci\u00f3n existente entre el mandatario y Joao Santana junto a la empresa constructora brasile\u00f1a Odebrecht, quien fungi\u00f3 como principal asesor de las campa\u00f1as electoral de Danilo Medina en el 2012 y el 2016.<\/p>\n<p>Tambi\u00e9n denunciaron que el Partido de la Liberaci\u00f3n Dominicana (PLD), que lidera Danilo Medina, recibi\u00f3 fondos de Odebrecht a trav\u00e9s de las empresas \u201cPolis Caribe, SRL\u201d y \u201cCine&amp;Art2013, SRL\u201d, ambas propiedad del publicista brasile\u00f1o.<\/p>\n<p>\u201cEl desorden vinculado a la administraci\u00f3n de las finanzas p\u00fablicas queda evidenciado en este proyecto de resoluci\u00f3n\u2026en estos momentos Marcha Verde est\u00e1 cumpliendo con su promesa al pa\u00eds de denunciar los casos de corrupci\u00f3n y adem\u00e1s utilizando los mecanismos que establece la Constituci\u00f3n de la Rep\u00fablica como es el juicio pol\u00edtico\u201d, a\u00f1adi\u00f3 en representaci\u00f3n de todos.<\/p>\n<p><a href=\"https:\/\/ssl.c.photoshelter.com\/img-get\/I0000eHlqQLrECCw\/s\/500\/I0000eHlqQLrECCw.jpg\" data-slb-active=\"1\" data-slb-asset=\"1217458766\" data-slb-group=\"8515090\"><img loading=\"lazy\" class=\"alignleft\" src=\"https:\/\/ssl.c.photoshelter.com\/img-get\/I0000eHlqQLrECCw\/s\/500\/I0000eHlqQLrECCw.jpg\" alt=\"\" width=\"382\" height=\"255\" \/><\/a>Incluyendo a Punta Catalina, dijo que \u201ctodo indica que obras fueron significativamente sobrevaluadas y que el Presidente se implic\u00f3 directamente adjudicaci\u00f3n a Odebrecht\u201d.<\/p>\n<p>Manifest\u00f3 que espera que luego que se coloque en agenda el anteproyecto de juicio pol\u00edtico, la C\u00e1mara de Diputados pueda acusar al presidente Medina de violaciones constitucionales y penales.<\/p>\n<p>\u201cDe ahora en adelante el fin de la impunidad cruza con el juicio pol\u00edtico contra el presidente Danilo medina desde ahora se llama la atenci\u00f3n de los que est\u00e1n a cargo con sus deficiencias\u201d, a\u00f1adi\u00f3.<\/p>\n<p>Indic\u00f3 que el movimiento Marcha Verde est\u00e1 consciente del secuestro y captura de la institucionalidad de la Rep\u00fablica Dominicana, no obstante el pueblo dominicano ha decidido que una de sus luchas es el Fin de la Impunidad. \u201cPor eso Marcha Verde est\u00e1 exigiendo a aquellos que nos representan en el Congreso que asuman su responsabilidad porque nosotros estamos representando la nuestra\u201d.<\/p>\n<p>Mientras los congresistas Fidelio Despradel, Fidel Santana y Faride Raful, alegaron que estudiar\u00e1n el proyecto y har\u00e1n todo lo que est\u00e9 en sus manos en ayuda del pueblo.<\/p>\n<div id=\"gallery-2\" class=\"gallery galleryid-8515090 gallery-columns-3 gallery-size-thumbnail\">\n<dl class=\"gallery-item\">\n<dt class=\"gallery-icon landscape\"><a href=\"https:\/\/acento.com.do\/wp-content\/uploads\/Carlos-Pimentel-2-12-05-2017.jpg\" data-slb-active=\"1\" data-slb-asset=\"1260744993\" data-slb-internal=\"0\" data-slb-group=\"8515090\"><img loading=\"lazy\" class=\"attachment-thumbnail size-thumbnail\" src=\"https:\/\/acento.com.do\/wp-content\/uploads\/Carlos-Pimentel-2-12-05-2017-180x180.jpg\" alt=\"\" width=\"180\" height=\"180\" aria-describedby=\"gallery-2-8515154\" \/><\/a><\/dt>\n<\/dl>\n<dl class=\"gallery-item\">\n<dt class=\"gallery-icon landscape\"><a href=\"https:\/\/acento.com.do\/wp-content\/uploads\/Diputados-1-12-05-2017.jpg\" data-slb-active=\"1\" data-slb-asset=\"1763149926\" data-slb-internal=\"0\" data-slb-group=\"8515090\"><img loading=\"lazy\" class=\"attachment-thumbnail size-thumbnail\" src=\"https:\/\/acento.com.do\/wp-content\/uploads\/Diputados-1-12-05-2017-180x180.jpg\" alt=\"\" width=\"180\" height=\"180\" aria-describedby=\"gallery-2-8515155\" \/><\/a><\/dt>\n<\/dl>\n<dl class=\"gallery-item\">\n<dt class=\"gallery-icon landscape\"><a href=\"https:\/\/acento.com.do\/wp-content\/uploads\/Faride-Raful-7-12-05-2017.jpg\" data-slb-active=\"1\" data-slb-asset=\"933801253\" data-slb-internal=\"0\" data-slb-group=\"8515090\"><img loading=\"lazy\" class=\"attachment-thumbnail size-thumbnail\" src=\"https:\/\/acento.com.do\/wp-content\/uploads\/Faride-Raful-7-12-05-2017-180x180.jpg\" alt=\"\" width=\"180\" height=\"180\" aria-describedby=\"gallery-2-8515156\" \/><\/a><\/dt>\n<\/dl>\n<dl class=\"gallery-item\">\n<dt class=\"gallery-icon landscape\"><a href=\"https:\/\/acento.com.do\/wp-content\/uploads\/Marcha-Verde-Juicio-Politico-Danilo-Medina-5-12-05-2017.jpg\" data-slb-active=\"1\" data-slb-asset=\"756809686\" data-slb-internal=\"0\" data-slb-group=\"8515090\"><img loading=\"lazy\" class=\"attachment-thumbnail size-thumbnail\" src=\"https:\/\/acento.com.do\/wp-content\/uploads\/Marcha-Verde-Juicio-Politico-Danilo-Medina-5-12-05-2017-180x180.jpg\" alt=\"\" width=\"180\" height=\"180\" aria-describedby=\"gallery-2-8515158\" \/><\/a><\/dt>\n<\/dl>\n<dl class=\"gallery-item\">\n<dt class=\"gallery-icon landscape\"><a href=\"https:\/\/acento.com.do\/wp-content\/uploads\/Marcha-Verde-Juicio-Politico-Danilo-Medina-7-12-05-2017.jpg\" data-slb-active=\"1\" data-slb-asset=\"697716993\" data-slb-internal=\"0\" data-slb-group=\"8515090\"><img loading=\"lazy\" class=\"attachment-thumbnail size-thumbnail\" src=\"https:\/\/acento.com.do\/wp-content\/uploads\/Marcha-Verde-Juicio-Politico-Danilo-Medina-7-12-05-2017-180x180.jpg\" alt=\"\" width=\"180\" height=\"180\" aria-describedby=\"gallery-2-8515159\" \/><\/a><\/dt>\n<\/dl>\n<dl class=\"gallery-item\">\n<dt class=\"gallery-icon landscape\"><a href=\"https:\/\/acento.com.do\/wp-content\/uploads\/Marcha-Verde-Juicio-Politico-Danilo-Medina-12-12-05-2017.jpg\" data-slb-active=\"1\" data-slb-asset=\"94539255\" data-slb-internal=\"0\" data-slb-group=\"8515090\"><img loading=\"lazy\" class=\"attachment-thumbnail size-thumbnail\" src=\"https:\/\/acento.com.do\/wp-content\/uploads\/Marcha-Verde-Juicio-Politico-Danilo-Medina-12-12-05-2017-180x180.jpg\" alt=\"\" width=\"180\" height=\"180\" aria-describedby=\"gallery-2-8515160\" \/><\/a><\/dt>\n<\/dl>\n<dl class=\"gallery-item\">\n<dt class=\"gallery-icon landscape\"><a href=\"https:\/\/acento.com.do\/wp-content\/uploads\/Marcha-Verde-Juicio-Politico-Danilo-Medina-15-12-05-2017.jpg\" data-slb-active=\"1\" data-slb-asset=\"424526709\" data-slb-internal=\"0\" data-slb-group=\"8515090\"><img loading=\"lazy\" class=\"attachment-thumbnail size-thumbnail\" src=\"https:\/\/acento.com.do\/wp-content\/uploads\/Marcha-Verde-Juicio-Politico-Danilo-Medina-15-12-05-2017-180x180.jpg\" alt=\"\" width=\"180\" height=\"180\" aria-describedby=\"gallery-2-8515161\" \/><\/a><\/dt>\n<\/dl>\n<dl class=\"gallery-item\">\n<dt class=\"gallery-icon landscape\"><a href=\"https:\/\/acento.com.do\/wp-content\/uploads\/Marcha-Verde-Juicio-Politico-Danilo-Medina-22-12-05-2017.jpg\" data-slb-active=\"1\" data-slb-asset=\"572654848\" data-slb-internal=\"0\" data-slb-group=\"8515090\"><img loading=\"lazy\" class=\"attachment-thumbnail size-thumbnail\" src=\"https:\/\/acento.com.do\/wp-content\/uploads\/Marcha-Verde-Juicio-Politico-Danilo-Medina-22-12-05-2017-180x180.jpg\" alt=\"\" width=\"180\" height=\"180\" aria-describedby=\"gallery-2-8515162\" \/><\/a><\/dt>\n<\/dl>\n<dl class=\"gallery-item\">\n<dt class=\"gallery-icon landscape\"><a href=\"https:\/\/acento.com.do\/wp-content\/uploads\/Marcha-Verde-Juicio-Politico-Danilo-Medina-34-12-05-2017.jpg\" data-slb-active=\"1\" data-slb-asset=\"1009837135\" data-slb-internal=\"0\" data-slb-group=\"8515090\"><img loading=\"lazy\" class=\"attachment-thumbnail size-thumbnail\" src=\"https:\/\/acento.com.do\/wp-content\/uploads\/Marcha-Verde-Juicio-Politico-Danilo-Medina-34-12-05-2017-180x180.jpg\" alt=\"\" width=\"180\" height=\"180\" aria-describedby=\"gallery-2-8515163\" \/><\/a><\/dt>\n<\/dl>\n<dl class=\"gallery-item\">\n<dt class=\"gallery-icon landscape\"><a href=\"https:\/\/acento.com.do\/wp-content\/uploads\/Marcha-Verde-Juicio-Politico-Danilo-Medina-56-12-05-2017.jpg\" data-slb-active=\"1\" data-slb-asset=\"589581601\" data-slb-internal=\"0\" data-slb-group=\"8515090\"><img loading=\"lazy\" class=\"attachment-thumbnail size-thumbnail\" src=\"https:\/\/acento.com.do\/wp-content\/uploads\/Marcha-Verde-Juicio-Politico-Danilo-Medina-56-12-05-2017-180x180.jpg\" alt=\"\" width=\"180\" height=\"180\" aria-describedby=\"gallery-2-8515164\" \/><\/a><\/dt>\n<\/dl>\n<dl class=\"gallery-item\">\n<dt class=\"gallery-icon landscape\"><a href=\"https:\/\/acento.com.do\/wp-content\/uploads\/Marcha-Verde-Juicio-Politico-Danilo-Medina-99-12-05-2017.jpg\" data-slb-active=\"1\" data-slb-asset=\"1490236140\" data-slb-internal=\"0\" data-slb-group=\"8515090\"><img loading=\"lazy\" class=\"attachment-thumbnail size-thumbnail\" src=\"https:\/\/acento.com.do\/wp-content\/uploads\/Marcha-Verde-Juicio-Politico-Danilo-Medina-99-12-05-2017-180x180.jpg\" alt=\"\" width=\"180\" height=\"180\" aria-describedby=\"gallery-2-8515165\" \/><\/a><\/dt>\n<\/dl>\n<dl class=\"gallery-item\">\n<dt class=\"gallery-icon landscape\"><a href=\"https:\/\/acento.com.do\/wp-content\/uploads\/Marcha-Verde-Juicio-Politico-Danilo-Medina-103-12-05-2017.jpg\" data-slb-active=\"1\" data-slb-asset=\"572096047\" data-slb-internal=\"0\" data-slb-group=\"8515090\"><img loading=\"lazy\" class=\"attachment-thumbnail size-thumbnail\" src=\"https:\/\/acento.com.do\/wp-content\/uploads\/Marcha-Verde-Juicio-Politico-Danilo-Medina-103-12-05-2017-180x180.jpg\" alt=\"\" width=\"180\" height=\"180\" aria-describedby=\"gallery-2-8515166\" \/><\/a><\/dt>\n<\/dl>\n<dl class=\"gallery-item\">\n<dt class=\"gallery-icon landscape\"><a href=\"https:\/\/acento.com.do\/wp-content\/uploads\/Marcha-Verde-Juicio-Politico-Danilo-Medina-106-12-05-2017.jpg\" data-slb-active=\"1\" data-slb-asset=\"155461783\" data-slb-internal=\"0\" data-slb-group=\"8515090\"><img loading=\"lazy\" class=\"attachment-thumbnail size-thumbnail\" src=\"https:\/\/acento.com.do\/wp-content\/uploads\/Marcha-Verde-Juicio-Politico-Danilo-Medina-106-12-05-2017-180x180.jpg\" alt=\"\" width=\"180\" height=\"180\" aria-describedby=\"gallery-2-8515167\" \/><\/a><\/dt>\n<\/dl>\n<\/div>\n<\/div>\n<p><!--more--><\/p>\n<div class=\"share-buttons-container\">\n<div class=\"share-button facebook-share-button\"><i class=\"social-icon fa fa-facebook\" aria-hidden=\"true\"><\/i>\u00a0<a class=\"fbShare socialShare\" href=\"https:\/\/www.facebook.com\/sharer\/sharer.php?u=https:\/\/acento.com.do\/2017\/politica\/8515090-marcha-verde-solicita-al-congreso-un-juicio-politico-para-el-presidente-danilo-medina\/\" data-image=\"https:\/\/acento.com.do\/wp-content\/uploads\/i00003mly1ktiadyjpg-420x320.jpg\" data-title=\"Marcha Verde solicita al Congreso un juicio pol\u00edtico para el presidente Danilo Medina\" data-desc=\"post description\" data-pid=\"8515090\" data-snet=\"fb\" data-sname=\"Facebook\">Compartir en Facebook<\/a><\/div>\n<div class=\"share-button twitter-share-button\"><i class=\"social-icon fa fa-twitter\" aria-hidden=\"true\"><\/i>\u00a0<a class=\"twShare socialShare\" href=\"https:\/\/twitter.com\/home?status=Marcha+Verde+solicita+al+Congreso+un+juicio+pol%C3%ADtico+para+el+presidente+Danilo+Medina%20https:\/\/acento.com.do\/2017\/politica\/8515090-marcha-verde-solicita-al-congreso-un-juicio-politico-para-el-presidente-danilo-medina\/%20v%C3%ADa%20@acentodiario\" data-lang=\"es\" data-dnt=\"true\" data-pid=\"8515090\" data-snet=\"tw\" data-sname=\"Twitter\">Compartir en Twit<\/a><\/div>\n<\/div>\n<p>Impactos: 148<\/p>","protected":false},"excerpt":{"rendered":"<p>Kharla Pimentel \/Acento.com.do SANTO DOMINGO, Rep\u00fablica Dominicana.-Coreando consignas contra el gobernante dominicano el movimiento Marcha Verde deposit\u00f3 un proyecto de ley que exige un<\/p>\n","protected":false},"author":3,"featured_media":211,"comment_status":"open","ping_status":"closed","sticky":false,"template":"","format":"standard","meta":[],"categories":[8],"tags":[],"_links":{"self":[{"href":"https:\/\/hormigaradio.com\/index.php?rest_route=\/wp\/v2\/posts\/210"}],"collection":[{"href":"https:\/\/hormigaradio.com\/index.php?rest_route=\/wp\/v2\/posts"}],"about":[{"href":"https:\/\/hormigaradio.com\/index.php?rest_route=\/wp\/v2\/types\/post"}],"author":[{"embeddable":true,"href":"https:\/\/hormigaradio.com\/index.php?rest_route=\/wp\/v2\/users\/3"}],"replies":[{"embeddable":true,"href":"https:\/\/hormigaradio.com\/index.php?rest_route=%2Fwp%2Fv2%2Fcomments&post=210"}],"version-history":[{"count":2,"href":"https:\/\/hormigaradio.com\/index.php?rest_route=\/wp\/v2\/posts\/210\/revisions"}],"predecessor-version":[{"id":213,"href":"https:\/\/hormigaradio.com\/index.php?rest_route=\/wp\/v2\/posts\/210\/revisions\/213"}],"wp:featuredmedia":[{"embeddable":true,"href":"https:\/\/hormigaradio.com\/index.php?rest_route=\/wp\/v2\/media\/211"}],"wp:attachment":[{"href":"https:\/\/hormigaradio.com\/index.php?rest_route=%2Fwp%2Fv2%2Fmedia&parent=210"}],"wp:term":[{"taxonomy":"category","embeddable":true,"href":"https:\/\/hormigaradio.com\/index.php?rest_route=%2Fwp%2Fv2%2Fcategories&post=210"},{"taxonomy":"post_tag","embeddable":true,"href":"https:\/\/hormigaradio.com\/index.php?rest_route=%2Fwp%2Fv2%2Ftags&post=210"}],"curies":[{"name":"wp","href":"https:\/\/api.w.org\/{rel}","templated":true}]}}