{"id":21249,"date":"2024-08-26T13:41:31","date_gmt":"2024-08-26T13:41:31","guid":{"rendered":"https:\/\/hormigaradio.com\/?p=21249"},"modified":"2024-08-26T13:42:33","modified_gmt":"2024-08-26T13:42:33","slug":"21249","status":"publish","type":"post","link":"https:\/\/hormigaradio.com\/?p=21249","title":{"rendered":"PROCURADOR CORTE APELACI\u00d3N SANTIAGO LLAMA A TRATAR DE MANERA ADECUADA LA SALUD MENTAL EN EL SISTEMA PENITENCIARIO"},"content":{"rendered":"<p>Por\u00a0<span class=\"name font-700\"><a title=\"M\u00e1ximo Laureano\" href=\"https:\/\/acento.com.do\/autor\/mlaureano.html\">M\u00e1ximo Laureano<\/a><\/span><\/p>\n<div class=\"flex-container align-center\">El procurador de la corte de apelaci\u00f3n del distrito judicial de Santiago, Juan Carlos Birc\u00e1n, afirm\u00f3 que es necesario tratar de manera adecuada el tema de la salud mental en el sistema penitenciario. Consider\u00f3 que es una tarea pendiente de las autoridades.<\/div>\n<header class=\"_amid _aqbz\">\n<div class=\"_amie\" role=\"button\">\n<div class=\"x78zum5 x1cy8zhl xisnujt x1nxh6w3 xcgms0a x16cd2qt\">\n<p><iframe loading=\"lazy\" title=\"Procurador Corte Apelaci\u00f3n Santiago afirma salud mental es tarea pendiente del sistema\" src=\"https:\/\/player.vimeo.com\/video\/1001721515?title=0&amp;amp;byline=0\" width=\"1080\" height=\"1350\" frameborder=\"0\"><\/iframe><\/p>\n<p>El funcionario llam\u00f3 a que se encare el problema de manera seria, como una prioridad, para evitar que situaciones que derivan de trastornos ligados a la personalidad dejen como resultado da\u00f1os irreversibles, como la muerte.<\/p>\n<p>&#8220;Un tema que me ha preocupado es la salud mental. Por tradici\u00f3n, a menos que tengamos algo muy acentuado, un cuadro muy marcado, algo muy espec\u00edfico, no se ha puesto la debida atenci\u00f3n y creo que es una tarea pendiente del sistema justicia&#8221;, indic\u00f3 el funcionario del Ministerio P\u00fablico.<\/p>\n<p>Propuso hacer estudios para determinar cu\u00e1les son las patolog\u00edas, de personalidad o mentales, de la poblaci\u00f3n carcelaria.<\/p>\n<p>No obstante, Juan Carlos Birc\u00e1n dijo que previo a ingresar a los privados de libertad en los pabellones, se hacen evaluaciones b\u00e1sicas.<\/p>\n<div class=\"banner-box\"><\/div>\n<p>Agreg\u00f3 que al ingresa a un privado de libertad se hace un proceso de ambientaci\u00f3n, con una evaluaci\u00f3n con psic\u00f3logo que da una apreciaci\u00f3n general de las caracter\u00edsticas de la persona. Dijo que ese procedimiento no determina si la persona tiene alguna patolog\u00eda que deba ser tratada.<\/p>\n<p>Aunque el funcionario hace un enfoque dirigido a la poblaci\u00f3n carcelaria, establece que en la sociedad, en sentido general, es perentorio trabajar en los aspectos de manejo de la violencia, ataques de ira, depresi\u00f3n y otros trastornos.<\/p>\n<p>&#8220;Reitero que es una tarea pendiente, que en alg\u00fan momento tendremos que asumirlo, realmente con la seriedad que amerita&#8221;, dijo Birc\u00e1n, al ser preguntado sobre situaciones que se han dado en Santiago, tanto en el Centro de Rehabilitaci\u00f3n Rafey-Hombres y la c\u00e1rcel del Palacio de Justicia de Santiago.<\/p>\n<\/div>\n<\/div>\n<div class=\"_ami8\">\n<div class=\"_ajv2 _ajv1\">\n<div class=\"x1n2onr6 x5yr21d xdxvlk3 x1fglp x1rp6h8o xg6i1s1 x15406qy x1d8287x xwji4o3 xj8bxqt x1o9mn2u xpbnuc5 x2btq54 x86at4b xzl7c9v x1ad89wd x1i1grao x17adc0v x1sln4lm x1iji9kk x123j3cw xg8j3zb x178xt8z xm81vs4 xso031l xy80clv x13fuv20 xu3j5b3 x1q0q8m5 x26u7qi x10vq5hr xbi89o0 x1goaxin x1ux35ld\">\n<div class=\"x1c4vz4f xs83m0k xdl72j9 x1g77sc7 x78zum5 xozqiw3 x1oa3qoh x12fk4p8 xeuugli x2lwn1j xl56j7k x1q0g3np x6s0dn4 x2jp5ct\"><\/div>\n<\/div>\n<div class=\"_ajv7\">\n<div class=\"_ajv6 x1y1aw1k x1sxyh0 xwib8y2 xurb0ha\" tabindex=\"0\" title=\"Buscar\" role=\"button\" aria-disabled=\"false\" data-tab=\"6\" aria-label=\"Buscar\"><\/div>\n<\/div>\n<\/div>\n<\/div>\n<\/header>\n<p>Impactos: 19<\/p>","protected":false},"excerpt":{"rendered":"<p>Por\u00a0M\u00e1ximo Laureano El procurador de la corte de apelaci\u00f3n del distrito judicial de Santiago, Juan Carlos Birc\u00e1n, afirm\u00f3 que es necesario tratar de manera<\/p>\n","protected":false},"author":3,"featured_media":21257,"comment_status":"closed","ping_status":"closed","sticky":false,"template":"","format":"standard","meta":[],"categories":[3],"tags":[],"_links":{"self":[{"href":"https:\/\/hormigaradio.com\/index.php?rest_route=\/wp\/v2\/posts\/21249"}],"collection":[{"href":"https:\/\/hormigaradio.com\/index.php?rest_route=\/wp\/v2\/posts"}],"about":[{"href":"https:\/\/hormigaradio.com\/index.php?rest_route=\/wp\/v2\/types\/post"}],"author":[{"embeddable":true,"href":"https:\/\/hormigaradio.com\/index.php?rest_route=\/wp\/v2\/users\/3"}],"replies":[{"embeddable":true,"href":"https:\/\/hormigaradio.com\/index.php?rest_route=%2Fwp%2Fv2%2Fcomments&post=21249"}],"version-history":[{"count":2,"href":"https:\/\/hormigaradio.com\/index.php?rest_route=\/wp\/v2\/posts\/21249\/revisions"}],"predecessor-version":[{"id":21259,"href":"https:\/\/hormigaradio.com\/index.php?rest_route=\/wp\/v2\/posts\/21249\/revisions\/21259"}],"wp:featuredmedia":[{"embeddable":true,"href":"https:\/\/hormigaradio.com\/index.php?rest_route=\/wp\/v2\/media\/21257"}],"wp:attachment":[{"href":"https:\/\/hormigaradio.com\/index.php?rest_route=%2Fwp%2Fv2%2Fmedia&parent=21249"}],"wp:term":[{"taxonomy":"category","embeddable":true,"href":"https:\/\/hormigaradio.com\/index.php?rest_route=%2Fwp%2Fv2%2Fcategories&post=21249"},{"taxonomy":"post_tag","embeddable":true,"href":"https:\/\/hormigaradio.com\/index.php?rest_route=%2Fwp%2Fv2%2Ftags&post=21249"}],"curies":[{"name":"wp","href":"https:\/\/api.w.org\/{rel}","templated":true}]}}