{"id":21260,"date":"2024-08-26T18:09:29","date_gmt":"2024-08-26T18:09:29","guid":{"rendered":"https:\/\/hormigaradio.com\/?p=21260"},"modified":"2024-08-26T18:13:02","modified_gmt":"2024-08-26T18:13:02","slug":"direccion-de-adp-en-santiago-anticipa-criticas-al-comienzo-del-ano-escolar","status":"publish","type":"post","link":"https:\/\/hormigaradio.com\/?p=21260","title":{"rendered":"DIRECCI\u00d3N DE ADP EN SANTIAGO ANTICIPA CR\u00cdTICAS AL COMIENZO DEL A\u00d1O ESCOLAR"},"content":{"rendered":"<p>Por\u00a0<span class=\"name font-700\"><a title=\"M\u00e1ximo Laureano\" href=\"https:\/\/acento.com.do\/autor\/mlaureano.html\">M\u00e1ximo Laureano<\/a><\/span><\/p>\n<p>Mientras el Ministerio de Educaci\u00f3n, en Santiago, asegura que el a\u00f1o escolar 2024-2025 empezar\u00e1 sin ning\u00fan tipo de contratiempos, directivos locales de la Asociaci\u00f3n Dominicana de Profesores (ADP) se anticiparon a denuncia que en las escuelas estatales &#8220;falta de todo y algo m\u00e1s&#8221;.<\/p>\n<p>Al ser entrevistado por la redacci\u00f3n de www.acento.com.do en Santiago, Miguel Jorge, directivo de la ADP, dijo las escuelas enfrentan problemas que impiden que se inicie la docencia con el nivel de calidad que se requiere.<\/p>\n<p>\u201cComo siempre, las autoridades dicen que tienen todo listo y en realidad falta de todo y algo m\u00e1s\u201d, dijo el profesor Miguel Jorge.<\/p>\n<p>El dirigente del gremio dijo que las fallas est\u00e1n marcadas por la falta de profesores en muchas escuelas, carencia de mobiliarios, personal de limpieza y espacios para los alumnos.<\/p>\n<p>\u201cPersonal docente en muchos centros educativos de manera muy dram\u00e1tica, en dos centros educativos de Gurabo: Ana Eduviges Salcedo y el antiguo colegio EBG no podr\u00e1n iniciar porque falta la mayor\u00eda de docentes\u201d, afirm\u00f3 Jorge.<\/p>\n<p>El profesor denunci\u00f3 que falta personal de limpieza en casi todos los centros, de manera particular en el Polit\u00e9cnico Ulises Francisco Espaillat y Escuela Te\u00f3filo de Jes\u00fas Garc\u00eda.<\/p>\n<div class=\"banner-box\"><\/div>\n<p>\u201cFalta de mobiliarios en el liceo Ivelise Prast de P\u00e9rez, falta de espacio en la escuela Marcelino Valenzuela\u201d, afirm\u00f3 Jorge.<\/p>\n<p>Tambi\u00e9n denunci\u00f3 que en el liceo Jacinto De la Concha no hay agua potable y que hay cuatro planteles en proceso de construcci\u00f3n que est\u00e1n paralizados.<\/p>\n<p>La temporada escolar en Santiago inicia de manera oficial en la escuela Hermanos D\u00edaz Moreno, en el sector Gurabo, en un acto, que encabezado por la vicepresidenta de la Rep\u00fablica, Raquel Pe\u00f1a.<\/p>\n<p>Impactos: 21<\/p>","protected":false},"excerpt":{"rendered":"<p>Por\u00a0M\u00e1ximo Laureano Mientras el Ministerio de Educaci\u00f3n, en Santiago, asegura que el a\u00f1o escolar 2024-2025 empezar\u00e1 sin ning\u00fan tipo de contratiempos, directivos locales de<\/p>\n","protected":false},"author":3,"featured_media":21261,"comment_status":"closed","ping_status":"closed","sticky":false,"template":"","format":"standard","meta":[],"categories":[3],"tags":[],"_links":{"self":[{"href":"https:\/\/hormigaradio.com\/index.php?rest_route=\/wp\/v2\/posts\/21260"}],"collection":[{"href":"https:\/\/hormigaradio.com\/index.php?rest_route=\/wp\/v2\/posts"}],"about":[{"href":"https:\/\/hormigaradio.com\/index.php?rest_route=\/wp\/v2\/types\/post"}],"author":[{"embeddable":true,"href":"https:\/\/hormigaradio.com\/index.php?rest_route=\/wp\/v2\/users\/3"}],"replies":[{"embeddable":true,"href":"https:\/\/hormigaradio.com\/index.php?rest_route=%2Fwp%2Fv2%2Fcomments&post=21260"}],"version-history":[{"count":1,"href":"https:\/\/hormigaradio.com\/index.php?rest_route=\/wp\/v2\/posts\/21260\/revisions"}],"predecessor-version":[{"id":21262,"href":"https:\/\/hormigaradio.com\/index.php?rest_route=\/wp\/v2\/posts\/21260\/revisions\/21262"}],"wp:featuredmedia":[{"embeddable":true,"href":"https:\/\/hormigaradio.com\/index.php?rest_route=\/wp\/v2\/media\/21261"}],"wp:attachment":[{"href":"https:\/\/hormigaradio.com\/index.php?rest_route=%2Fwp%2Fv2%2Fmedia&parent=21260"}],"wp:term":[{"taxonomy":"category","embeddable":true,"href":"https:\/\/hormigaradio.com\/index.php?rest_route=%2Fwp%2Fv2%2Fcategories&post=21260"},{"taxonomy":"post_tag","embeddable":true,"href":"https:\/\/hormigaradio.com\/index.php?rest_route=%2Fwp%2Fv2%2Ftags&post=21260"}],"curies":[{"name":"wp","href":"https:\/\/api.w.org\/{rel}","templated":true}]}}