{"id":21263,"date":"2024-08-26T18:15:01","date_gmt":"2024-08-26T18:15:01","guid":{"rendered":"https:\/\/hormigaradio.com\/?p=21263"},"modified":"2024-08-26T18:25:55","modified_gmt":"2024-08-26T18:25:55","slug":"21263","status":"publish","type":"post","link":"https:\/\/hormigaradio.com\/?p=21263","title":{"rendered":"RAQUEL PE\u00d1A DA INICIO AL A\u00d1O ESCOLAR EN SANTIAGO: \u201cCOMIENZA UNA NUEVA ETAPA DE APRENDIZAJE\u201d"},"content":{"rendered":"<p><img loading=\"lazy\" class=\"alignnone wp-image-15152\" src=\"http:\/\/hormigaradio.com\/wp-content\/uploads\/2022\/01\/FIRMA-para-Hormiga-Radio-300x158.jpeg\" alt=\"\" width=\"80\" height=\"42\" \/><\/p>\n<p>Con el compromiso de &#8220;Cambiar el pa\u00eds desde las aulas&#8221;, la comunidad educativa de Santiago abri\u00f3 las puertas de cada centro educativo para el a\u00f1o lectivo 2024-2025, en un acto encabezado por la vicepresidenta de la Rep\u00fablica, Raquel Pe\u00f1a.<\/p>\n<p>La ceremonia se llev\u00f3 a cabo en la Escuela B\u00e1sica Hermanos D\u00edaz Moreno, ubicado en Gurabo, donde cerca de 600 estudiantes de primaria fueron convocados al referido centro.<\/p>\n<div style=\"width: 715px;\" class=\"wp-video\"><!--[if lt IE 9]><script>document.createElement('video');<\/script><![endif]-->\n<video class=\"wp-video-shortcode\" id=\"video-21263-1\" width=\"715\" height=\"405\" preload=\"metadata\" controls=\"controls\"><source type=\"video\/mp4\" src=\"http:\/\/hormigaradio.com\/wp-content\/uploads\/2024\/08\/WhatsApp-Video-2024-08-26-at-11.29.21-AM.mp4?_=1\" \/><a href=\"http:\/\/hormigaradio.com\/wp-content\/uploads\/2024\/08\/WhatsApp-Video-2024-08-26-at-11.29.21-AM.mp4\">http:\/\/hormigaradio.com\/wp-content\/uploads\/2024\/08\/WhatsApp-Video-2024-08-26-at-11.29.21-AM.mp4<\/a><\/video><\/div>\n<p>La vicepresidenta manifest\u00f3 que con este regreso a clases, &#8220;comienza un a\u00f1o escolar m\u00e1s para so\u00f1ar, otra oportunidad para vivir la aventura de aprender y de crecer&#8221;.<\/p>\n<p>Pe\u00f1a aprovecho para agradecer a todos los maestros y maestras por ense\u00f1ar con paciencia y por guiar el proceso ense\u00f1anza-aprendizaje de cada uno de sus estudiantes.<\/p>\n<p>La vicemandataria reiter\u00f3 que la educaci\u00f3n es la \u00fanica herramienta que garantiza que la naci\u00f3n pueda seguir hacia adelante. &#8220;Educaci\u00f3n, educaci\u00f3n y educaci\u00f3n es la clave&#8221;, subray\u00f3.<\/p>\n<p>Asimismo, llam\u00f3 a la sociedad civil, asociaci\u00f3n de padres, los maestros y maestras a trabajar juntos con el Gobierno para elevar la calidad de la educaci\u00f3n de la Rep\u00fablica Dominicana.<\/p>\n<p>En tanto, Marieta D\u00edaz, directora de la Regional 08 de Educaci\u00f3n, asegur\u00f3 que en Santiago est\u00e1n listos para est\u00e9 a\u00f1o escolar. &#8220;Estamos listos en infraestructura, estamos listos con uniformes, estamos listos con los libros, estamos listos con los registros, estamos listos para cambiar el pa\u00eds&#8221;.<\/p>\n<p>De su lado, Lina Garc\u00eda, representante de la Asociaci\u00f3n para el Desarrollo (APEDI), entidad que apadrina el centro, expres\u00f3 que el inicio del a\u00f1o escolar es una expresi\u00f3n de esperanza y compromiso con el futuro del pa\u00eds ya que la educaci\u00f3n es el medio principal para promover el desarrollo de las personas, las familias y la sociedad.<\/p>\n<p>Durante la apertura del nuevo ciclo, la vicepresidenta realiz\u00f3 un recorrido junto a los estudiantes y tambi\u00e9n plant\u00f3 un \u00e1rbol como s\u00edmbolo del compromiso del Gobierno con el presente, pero tambi\u00e9n con un futuro m\u00e1s sostenible para todas y todos.<\/p>\n<p>Impactos: 22<\/p>","protected":false},"excerpt":{"rendered":"<p>Con el compromiso de &#8220;Cambiar el pa\u00eds desde las aulas&#8221;, la comunidad educativa de Santiago abri\u00f3 las puertas de cada centro educativo para el<\/p>\n","protected":false},"author":3,"featured_media":21273,"comment_status":"closed","ping_status":"closed","sticky":false,"template":"","format":"standard","meta":[],"categories":[3],"tags":[],"_links":{"self":[{"href":"https:\/\/hormigaradio.com\/index.php?rest_route=\/wp\/v2\/posts\/21263"}],"collection":[{"href":"https:\/\/hormigaradio.com\/index.php?rest_route=\/wp\/v2\/posts"}],"about":[{"href":"https:\/\/hormigaradio.com\/index.php?rest_route=\/wp\/v2\/types\/post"}],"author":[{"embeddable":true,"href":"https:\/\/hormigaradio.com\/index.php?rest_route=\/wp\/v2\/users\/3"}],"replies":[{"embeddable":true,"href":"https:\/\/hormigaradio.com\/index.php?rest_route=%2Fwp%2Fv2%2Fcomments&post=21263"}],"version-history":[{"count":3,"href":"https:\/\/hormigaradio.com\/index.php?rest_route=\/wp\/v2\/posts\/21263\/revisions"}],"predecessor-version":[{"id":21268,"href":"https:\/\/hormigaradio.com\/index.php?rest_route=\/wp\/v2\/posts\/21263\/revisions\/21268"}],"wp:featuredmedia":[{"embeddable":true,"href":"https:\/\/hormigaradio.com\/index.php?rest_route=\/wp\/v2\/media\/21273"}],"wp:attachment":[{"href":"https:\/\/hormigaradio.com\/index.php?rest_route=%2Fwp%2Fv2%2Fmedia&parent=21263"}],"wp:term":[{"taxonomy":"category","embeddable":true,"href":"https:\/\/hormigaradio.com\/index.php?rest_route=%2Fwp%2Fv2%2Fcategories&post=21263"},{"taxonomy":"post_tag","embeddable":true,"href":"https:\/\/hormigaradio.com\/index.php?rest_route=%2Fwp%2Fv2%2Ftags&post=21263"}],"curies":[{"name":"wp","href":"https:\/\/api.w.org\/{rel}","templated":true}]}}