{"id":21302,"date":"2024-09-01T18:48:53","date_gmt":"2024-09-01T18:48:53","guid":{"rendered":"https:\/\/hormigaradio.com\/?p=21302"},"modified":"2024-09-01T18:51:05","modified_gmt":"2024-09-01T18:51:05","slug":"mujer-que-atribuye-hijo-a-abel-martinez-denuncia-fue-violada-por-el-politico-cuando-ella-tenia-16-anos","status":"publish","type":"post","link":"https:\/\/hormigaradio.com\/?p=21302","title":{"rendered":"MUJER QUE ATRIBUYE HIJO A ABEL MART\u00cdNEZ DENUNCIA FUE VIOLADA POR EL POL\u00cdTICO CUANDO ELLA TEN\u00cdA 16 A\u00d1OS"},"content":{"rendered":"<figure><a title=\"Servicios de Acento.com.do\" href=\"https:\/\/acento.com.do\/autor\/servicios.html\"><img class=\"i-amphtml-fill-content i-amphtml-replaced-content\" src=\"https:\/\/media.acento.com.do\/media\/storage02\/uploads\/2023\/06\/Coverimage-user-1-50x50.webp\" alt=\"Servicios de Acento.com.do\" \/><\/a><\/figure>\n<div class=\"extra-holder\">\n<p>Por\u00a0<span class=\"name font-700\"><a title=\"Servicios de Acento.com.do\" href=\"https:\/\/acento.com.do\/autor\/servicios.html\">Servicios de Acento.com.do<\/a><\/span><\/p>\n<\/div>\n<p>La mujer que afirma que\u00a0<a href=\"https:\/\/acento.com.do\/actualidad\/equipo-legal-de-abel-martinez-inicia-proceso-para-verificar-si-es-el-padre-de-un-menor-que-vive-en-ee-uu-9388554.html\">Abel Mart\u00ednez<\/a>\u00a0es el padre de su hijo adolescente denunci\u00f3 que fue violada por el dirigente pol\u00edtico pelede\u00edsta cuando ella ten\u00eda 16 a\u00f1os.<\/p>\n<p>La mujer hizo la denuncia de un v\u00eddeo que ha puesto a circular por las redes sociales.\u00a0<strong>Se hace omisi\u00f3n de su nombre y del nombre del menor por mandato legal.<\/strong><\/p>\n<p>La mujer afirma en Instagram que cuando ten\u00eda 16 a\u00f1os conoci\u00f3 a Mart\u00ednez y que hoy el presunto hijo del pol\u00edtico tiene 13 a\u00f1os.<\/p>\n<p>&#8220;Cuando ten\u00eda 16 a\u00f1os conoc\u00ed al se\u00f1or Abel Mart\u00ednez Dur\u00e1n, que era diputado por el PLD; me puse a trabajar en su campa\u00f1a para diputado (reelecci\u00f3n). Yo cuando eso iba para 17 a\u00f1os&#8221;, dijo la mujer que, debido al llanto, interrumpe por unos segundos la narraci\u00f3n.<\/p>\n<p>Esta remota su informaci\u00f3n y asegura que Mart\u00ednez se aprovech\u00f3 de ella, llev\u00e1ndola presuntamente a una caba\u00f1a que posee en Jarabacoa donde &#8220;se aprovech\u00f3 de m\u00ed inocencia y ya ustedes saben qu\u00e9 paso&#8221;.<\/p>\n<h2>Reacci\u00f3n de Abel Mart\u00ednez<\/h2>\n<p>El ex candidato presidencial del Partido de la Liberaci\u00f3n Dominicana (PLD) Abel Mart\u00ednez ha dado a conocer que est\u00e1 en proceso de determinar si es el padre de un hijo supuestamente concebido con una mujer cuando esta ten\u00eda 16 a\u00f1os, seg\u00fan denunci\u00f3 la f\u00e9mina en redes sociales.<\/p>\n<div class=\"banner-box\"><\/div>\n<p>A trav\u00e9s de su abogado, Mart\u00ednez inform\u00f3 que durante la campa\u00f1a (electoral) surgi\u00f3 la noticia de la posible existencia de un hijo del pol\u00edtico.<\/p>\n<p>El abogado Rafael Ceballos afirm\u00f3 en un comunicado que Mart\u00ednez &#8220;asumi\u00f3 la responsabilidad econ\u00f3mica correspondiente&#8221;, incluyendo mensualidades y apoyo a la madre, a quien inform\u00f3 que una vez terminara la campa\u00f1a, iniciar\u00eda los procesos legales necesarios para aclarar la situaci\u00f3n y cumplir, no solo con lo que establece la ley, sino tambi\u00e9n &#8220;poder establecer la convivencia entre ambos por el bienestar del menor&#8221;.<\/p>\n<p>La declaraci\u00f3n asegura que &#8220;la madre&#8221; reaccion\u00f3 con declaraciones falsas, expresadas en un video p\u00fablico.<\/p>\n<p>Ceballos asegur\u00f3 que &#8220;la postura de Abel Mart\u00ednez ha sido clara desde el principio: \u00e9l acudi\u00f3 al organismo competente antes de la reacci\u00f3n de la madre, porque el deseo de mi cliente es transparentar la situaci\u00f3n y en caso de que se confirme la paternidad, poder actuar acorde a la ley, garantizando los derechos que tendr\u00eda el menor como su hijo&#8221;.<\/p>\n<p>En ese sentido, el abogado agreg\u00f3 que Mart\u00ednez &#8220;quiere establecer el r\u00e9gimen de convivencia que dispongan las autoridades de ni\u00f1os, ni\u00f1as y adolescentes&#8221;, y reiter\u00f3 que la madre del menor ya ha sido notificada legalmente de la demanda y de la respectiva citaci\u00f3n ante el organismo competente.<\/p>\n<div class=\"banner-box\"><\/div>\n<p>Abel Mart\u00ednez est\u00e1 casado con la presentadora de televisi\u00f3n Nahioni Reyes Batista, matrimonio que ha procreado dos hijos.<\/p>\n<p>Impactos: 32<\/p>","protected":false},"excerpt":{"rendered":"<p>Por\u00a0Servicios de Acento.com.do La mujer que afirma que\u00a0Abel Mart\u00ednez\u00a0es el padre de su hijo adolescente denunci\u00f3 que fue violada por el dirigente pol\u00edtico pelede\u00edsta<\/p>\n","protected":false},"author":3,"featured_media":12036,"comment_status":"closed","ping_status":"closed","sticky":false,"template":"","format":"standard","meta":[],"categories":[3],"tags":[],"_links":{"self":[{"href":"https:\/\/hormigaradio.com\/index.php?rest_route=\/wp\/v2\/posts\/21302"}],"collection":[{"href":"https:\/\/hormigaradio.com\/index.php?rest_route=\/wp\/v2\/posts"}],"about":[{"href":"https:\/\/hormigaradio.com\/index.php?rest_route=\/wp\/v2\/types\/post"}],"author":[{"embeddable":true,"href":"https:\/\/hormigaradio.com\/index.php?rest_route=\/wp\/v2\/users\/3"}],"replies":[{"embeddable":true,"href":"https:\/\/hormigaradio.com\/index.php?rest_route=%2Fwp%2Fv2%2Fcomments&post=21302"}],"version-history":[{"count":1,"href":"https:\/\/hormigaradio.com\/index.php?rest_route=\/wp\/v2\/posts\/21302\/revisions"}],"predecessor-version":[{"id":21303,"href":"https:\/\/hormigaradio.com\/index.php?rest_route=\/wp\/v2\/posts\/21302\/revisions\/21303"}],"wp:featuredmedia":[{"embeddable":true,"href":"https:\/\/hormigaradio.com\/index.php?rest_route=\/wp\/v2\/media\/12036"}],"wp:attachment":[{"href":"https:\/\/hormigaradio.com\/index.php?rest_route=%2Fwp%2Fv2%2Fmedia&parent=21302"}],"wp:term":[{"taxonomy":"category","embeddable":true,"href":"https:\/\/hormigaradio.com\/index.php?rest_route=%2Fwp%2Fv2%2Fcategories&post=21302"},{"taxonomy":"post_tag","embeddable":true,"href":"https:\/\/hormigaradio.com\/index.php?rest_route=%2Fwp%2Fv2%2Ftags&post=21302"}],"curies":[{"name":"wp","href":"https:\/\/api.w.org\/{rel}","templated":true}]}}