{"id":21304,"date":"2024-09-01T19:09:24","date_gmt":"2024-09-01T19:09:24","guid":{"rendered":"https:\/\/hormigaradio.com\/?p=21304"},"modified":"2024-09-01T19:09:24","modified_gmt":"2024-09-01T19:09:24","slug":"hipolito-mejia-niega-racismo-en-republica-dominicana-y-aboga-por-justicia-fiscal","status":"publish","type":"post","link":"https:\/\/hormigaradio.com\/?p=21304","title":{"rendered":"HIP\u00d3LITO MEJ\u00cdA NIEGA RACISMO EN REP\u00daBLICA DOMINICANA Y ABOGA POR JUSTICIA FISCAL"},"content":{"rendered":"<figure><a title=\"Servicios de Acento.com.do\" href=\"https:\/\/acento.com.do\/autor\/servicios.html\"><img class=\"i-amphtml-fill-content i-amphtml-replaced-content\" src=\"https:\/\/media.acento.com.do\/media\/storage02\/uploads\/2023\/06\/Coverimage-user-1-50x50.webp\" alt=\"Servicios de Acento.com.do\" \/><\/a><\/figure>\n<div class=\"extra-holder\">\n<p>Por\u00a0<span class=\"name font-700\"><a title=\"Servicios de Acento.com.do\" href=\"https:\/\/acento.com.do\/autor\/servicios.html\">Servicios de Acento.com.do<\/a><\/span><\/p>\n<div class=\"flex-container align-center\"><\/div>\n<\/div>\n<p><strong>Hip\u00f3lito Mej\u00eda<\/strong>, expresidente de la\u00a0<strong>Rep\u00fablica Dominicana<\/strong>, declar\u00f3 que no existe racismo en el pa\u00eds, ni siquiera en su natal\u00a0<strong>Gurabo<\/strong>, mientras abog\u00f3 por que quienes tienen m\u00e1s recursos paguen m\u00e1s impuestos.<\/p>\n<p>Esto lo afirm\u00f3 el viernes 30 de agosto de 2024, en un contexto de cambios en el gabinete del presidente\u00a0<strong>Luis Abinader<\/strong>.<\/p>\n<p>Seg\u00fan\u00a0<strong>Mej\u00eda<\/strong>, es importante que aquellos con mayores recursos contribuyan m\u00e1s para abordar la\u00a0<strong>deuda social<\/strong>.<\/p>\n<div><iframe loading=\"lazy\" title=\"Hipo\u0301lito dice que ni en Gurabo hay racismo\" src=\"https:\/\/player.vimeo.com\/video\/1004614570?title=0&amp;amp;byline=0\" width=\"425\" height=\"350\" frameborder=\"0\" data-mce-fragment=\"1\" data-ready=\"true\"><\/iframe><\/div>\n<p>&nbsp;<\/p>\n<p>Sugiri\u00f3 que este enfoque, aunque posiblemente impopular, es necesario para el\u00a0<strong>bienestar colectivo<\/strong>.<\/p>\n<p><strong>Mej\u00eda<\/strong>\u00a0destac\u00f3 que la disciplina fortalece la\u00a0<strong>democracia<\/strong>\u00a0y que las reformas son necesarias.<\/p>\n<div class=\"banner-box\"><\/div>\n<p>Cuestion\u00f3 los nombramientos en el nuevo periodo presidencial, se\u00f1al\u00f3 que m\u00e1s bien son traslados, pero respet\u00f3 la decisi\u00f3n del presidente\u00a0<strong>Abinader<\/strong>\u00a0por haber ganado las elecciones.<\/p>\n<p>El exmandatario subray\u00f3 la importancia del di\u00e1logo en la democracia y mencion\u00f3 que es esencial que los funcionarios hablen con la gente.<\/p>\n<p>Tambi\u00e9n se refiri\u00f3 a la\u00a0<strong>deuda social<\/strong>, y recomend\u00f3 que quienes poseen m\u00e1s recursos deben contribuir m\u00e1s significativamente.<\/p>\n<p>&nbsp;<\/p>\n<p>&nbsp;<\/p>\n<div class=\"banner-box\"><\/div>\n<div class=\"cont-tags\"><a class=\"tag\" title=\"hipolito mejia\" href=\"https:\/\/acento.com.do\/tags\/?tag=hipolito-mejia\">Hip\u00f3lito Mej\u00eda<\/a><a class=\"tag\" title=\"justicia fiscal\" href=\"https:\/\/acento.com.do\/tags\/?tag=justicia-fiscal\">Justicia Fiscal<\/a><a class=\"tag\" title=\"luis abinader\" href=\"https:\/\/acento.com.do\/tags\/?tag=luis-abinader\">Luis Abinader<\/a><a class=\"tag\" title=\"racismo\" href=\"https:\/\/acento.com.do\/tags\/?tag=racismo\">r<\/a><\/div>\n<p>Impactos: 33<\/p>","protected":false},"excerpt":{"rendered":"<p>Por\u00a0Servicios de Acento.com.do Hip\u00f3lito Mej\u00eda, expresidente de la\u00a0Rep\u00fablica Dominicana, declar\u00f3 que no existe racismo en el pa\u00eds, ni siquiera en su natal\u00a0Gurabo, mientras abog\u00f3<\/p>\n","protected":false},"author":3,"featured_media":18821,"comment_status":"closed","ping_status":"closed","sticky":false,"template":"","format":"standard","meta":[],"categories":[3],"tags":[],"_links":{"self":[{"href":"https:\/\/hormigaradio.com\/index.php?rest_route=\/wp\/v2\/posts\/21304"}],"collection":[{"href":"https:\/\/hormigaradio.com\/index.php?rest_route=\/wp\/v2\/posts"}],"about":[{"href":"https:\/\/hormigaradio.com\/index.php?rest_route=\/wp\/v2\/types\/post"}],"author":[{"embeddable":true,"href":"https:\/\/hormigaradio.com\/index.php?rest_route=\/wp\/v2\/users\/3"}],"replies":[{"embeddable":true,"href":"https:\/\/hormigaradio.com\/index.php?rest_route=%2Fwp%2Fv2%2Fcomments&post=21304"}],"version-history":[{"count":1,"href":"https:\/\/hormigaradio.com\/index.php?rest_route=\/wp\/v2\/posts\/21304\/revisions"}],"predecessor-version":[{"id":21305,"href":"https:\/\/hormigaradio.com\/index.php?rest_route=\/wp\/v2\/posts\/21304\/revisions\/21305"}],"wp:featuredmedia":[{"embeddable":true,"href":"https:\/\/hormigaradio.com\/index.php?rest_route=\/wp\/v2\/media\/18821"}],"wp:attachment":[{"href":"https:\/\/hormigaradio.com\/index.php?rest_route=%2Fwp%2Fv2%2Fmedia&parent=21304"}],"wp:term":[{"taxonomy":"category","embeddable":true,"href":"https:\/\/hormigaradio.com\/index.php?rest_route=%2Fwp%2Fv2%2Fcategories&post=21304"},{"taxonomy":"post_tag","embeddable":true,"href":"https:\/\/hormigaradio.com\/index.php?rest_route=%2Fwp%2Fv2%2Ftags&post=21304"}],"curies":[{"name":"wp","href":"https:\/\/api.w.org\/{rel}","templated":true}]}}