{"id":21306,"date":"2024-09-01T19:11:49","date_gmt":"2024-09-01T19:11:49","guid":{"rendered":"https:\/\/hormigaradio.com\/?p=21306"},"modified":"2024-09-01T19:14:31","modified_gmt":"2024-09-01T19:14:31","slug":"21306","status":"publish","type":"post","link":"https:\/\/hormigaradio.com\/?p=21306","title":{"rendered":"EQUIPO LEGAL DE ABEL MART\u00cdNEZ INICIA PROCESO PARA VERIFICAR SI ES EL PADRE DE UN MENOR QUE VIVE EN EE.UU"},"content":{"rendered":"<figure><a title=\"Servicios de Acento.com.do\" href=\"https:\/\/acento.com.do\/autor\/servicios.html\"><img class=\"i-amphtml-fill-content i-amphtml-replaced-content\" src=\"https:\/\/media.acento.com.do\/media\/storage02\/uploads\/2023\/06\/Coverimage-user-1-50x50.webp\" alt=\"Servicios de Acento.com.do\" \/><\/a><\/figure>\n<div class=\"extra-holder\">\n<p>Por\u00a0<span class=\"name font-700\"><a title=\"Servicios de Acento.com.do\" href=\"https:\/\/acento.com.do\/autor\/servicios.html\">Servicios de Acento.com.do<\/a><\/span><\/p>\n<\/div>\n<p>El equipo legal de\u00a0<strong>Abel Mart\u00ednez<\/strong>\u00a0ha iniciado formalmente un proceso ante las autoridades de Ni\u00f1os, Ni\u00f1as y Adolescentes (NNA) en Rep\u00fablica Dominicana para esclarecer la veracidad de la paternidad de un menor de edad que reside en Estados Unidos.<\/p>\n<p>La mujer, adem\u00e1s de acusar al excandidato presidencial del PLD de no asumir la paternidad, denunci\u00f3 en un v\u00eddeo que supuestamente fue violada por Mart\u00ednez cuando ella era menor de edad.<\/p>\n<p><strong>Por razones legales se omiten los nombres del menor de edad y de la madre.<\/strong><\/p>\n<p>La decisi\u00f3n se tom\u00f3 semanas atr\u00e1s con el objetivo de actuar en conformidad con la legislaci\u00f3n dominicana y garantizar la transparencia y responsabilidad en este delicado asunto.<\/p>\n<p>Rafael Ceballos, abogado del equipo legal, explic\u00f3 que durante la pasada campa\u00f1a surgi\u00f3 la noticia sobre la posible existencia de un hijo de\u00a0<strong>Abel Mart\u00ednez.<\/strong><\/p>\n<p>El jurista dijo que ante las versiones que circularon,\u00a0<strong>Mart\u00ednez<\/strong>\u00a0asumi\u00f3\u00a0 la responsabilidad econ\u00f3mica, ofreciendo apoyo tanto al menor como a su madre, y dej\u00f3 claro que una vez concluida la campa\u00f1a, se iniciar\u00edan los tr\u00e1mites legales necesarios para aclarar la situaci\u00f3n y cumplir con la ley.<\/p>\n<div class=\"banner-box\"><\/div>\n<p>Detall\u00f3 que al concluir el proceso electoral\u00a0<strong>Abel Mart\u00ednez<\/strong>\u00a0se dirigi\u00f3 al organismo competente en asuntos de Ni\u00f1os, Ni\u00f1as y Adolescentes, para solicitar que se verificara la paternidad con la intenci\u00f3n de asumir todas las responsabilidades legales en caso de que se confirmara la relaci\u00f3n paterno-filial.<\/p>\n<p>&#8220;El proceso legal fue iniciado, y la madre del menor fue citada formalmente, present\u00e1ndose la demanda ante el Ministerio P\u00fablico. Sin embargo, la respuesta de la madre incluy\u00f3 la difusi\u00f3n de declaraciones falsas a trav\u00e9s de un video p\u00fablico&#8221;, indic\u00f3 Ceballos en un comunicado de prensa.<\/p>\n<p>El abogado reafirm\u00f3 que la postura de Abel Mart\u00ednez ha sido clara desde el principio, y que se acudi\u00f3 al organismo competente antes de las declaraciones p\u00fablicas de la madre, porque el dirigente pol\u00edtico tiene el prop\u00f3sito de aclarar la situaci\u00f3n.<\/p>\n<p>&#8220;En caso de que se confirme la paternidad, Mart\u00ednez est\u00e1 dispuesto a actuar conforme a la ley, garantizando los derechos del menor y estableciendo un r\u00e9gimen de convivencia de acuerdo con lo que dispongan las autoridades de Ni\u00f1os, Ni\u00f1as y Adolescentes&#8221;, indic\u00f3 el abogado.<\/p>\n<p>Ceballos tambi\u00e9n asegur\u00f3 que la madre ya ha sido notificada legalmente de la demanda y de la correspondiente citaci\u00f3n ante el organismo competente.<\/p>\n<div class=\"banner-box\"><\/div>\n<div class=\"cont-tags\"><a class=\"tag\" title=\"abel martinez\" href=\"https:\/\/acento.com.do\/tags\/?tag=abel-martinez\">Abel Mart\u00ednez<\/a><a class=\"tag\" title=\"justicia\" href=\"https:\/\/acento.com.do\/tags\/?tag=justicia\">Justicia<\/a><a class=\"tag\" title=\"ministerio publico\" href=\"https:\/\/acento.com.do\/tags\/?tag=ministerio-publico\">ministerio p\u00fablico<\/a><a class=\"tag\" title=\"proceso judicial\" href=\"https:\/\/acento.com.do\/tags\/?tag=proceso-judicial\">proceso judicial<\/a><\/div>\n<p>Impactos: 30<\/p>","protected":false},"excerpt":{"rendered":"<p>Por\u00a0Servicios de Acento.com.do El equipo legal de\u00a0Abel Mart\u00ednez\u00a0ha iniciado formalmente un proceso ante las autoridades de Ni\u00f1os, Ni\u00f1as y Adolescentes (NNA) en Rep\u00fablica Dominicana<\/p>\n","protected":false},"author":3,"featured_media":4514,"comment_status":"closed","ping_status":"closed","sticky":false,"template":"","format":"standard","meta":[],"categories":[3],"tags":[],"_links":{"self":[{"href":"https:\/\/hormigaradio.com\/index.php?rest_route=\/wp\/v2\/posts\/21306"}],"collection":[{"href":"https:\/\/hormigaradio.com\/index.php?rest_route=\/wp\/v2\/posts"}],"about":[{"href":"https:\/\/hormigaradio.com\/index.php?rest_route=\/wp\/v2\/types\/post"}],"author":[{"embeddable":true,"href":"https:\/\/hormigaradio.com\/index.php?rest_route=\/wp\/v2\/users\/3"}],"replies":[{"embeddable":true,"href":"https:\/\/hormigaradio.com\/index.php?rest_route=%2Fwp%2Fv2%2Fcomments&post=21306"}],"version-history":[{"count":3,"href":"https:\/\/hormigaradio.com\/index.php?rest_route=\/wp\/v2\/posts\/21306\/revisions"}],"predecessor-version":[{"id":21309,"href":"https:\/\/hormigaradio.com\/index.php?rest_route=\/wp\/v2\/posts\/21306\/revisions\/21309"}],"wp:featuredmedia":[{"embeddable":true,"href":"https:\/\/hormigaradio.com\/index.php?rest_route=\/wp\/v2\/media\/4514"}],"wp:attachment":[{"href":"https:\/\/hormigaradio.com\/index.php?rest_route=%2Fwp%2Fv2%2Fmedia&parent=21306"}],"wp:term":[{"taxonomy":"category","embeddable":true,"href":"https:\/\/hormigaradio.com\/index.php?rest_route=%2Fwp%2Fv2%2Fcategories&post=21306"},{"taxonomy":"post_tag","embeddable":true,"href":"https:\/\/hormigaradio.com\/index.php?rest_route=%2Fwp%2Fv2%2Ftags&post=21306"}],"curies":[{"name":"wp","href":"https:\/\/api.w.org\/{rel}","templated":true}]}}