{"id":21321,"date":"2024-09-03T14:45:40","date_gmt":"2024-09-03T14:45:40","guid":{"rendered":"https:\/\/hormigaradio.com\/?p=21321"},"modified":"2024-09-03T14:50:25","modified_gmt":"2024-09-03T14:50:25","slug":"presidente-abinader-viaja-este-martes-a-nueva-york-y-washington-para-participar-en-varias-actividades","status":"publish","type":"post","link":"https:\/\/hormigaradio.com\/?p=21321","title":{"rendered":"PRESIDENTE ABINADER VIAJA ESTE MARTES A NUEVA YORK Y WASHINGTON PARA PARTICIPAR EN VARIAS ACTIVIDADES"},"content":{"rendered":"<p><img loading=\"lazy\" class=\"alignnone wp-image-15152\" src=\"http:\/\/hormigaradio.com\/wp-content\/uploads\/2022\/01\/FIRMA-para-Hormiga-Radio-300x158.jpeg\" alt=\"\" width=\"80\" height=\"42\" \/><\/p>\n<p>El presidente Luis Abinader viajar\u00e1 este martes a Estados Unidos para participar de varias actividades en las ciudades de Nueva York y Washington, invitado por organismos internacionales.<\/p>\n<p>El mandatario saldr\u00e1 por la tarde en vuelo comercial hacia Nueva York, por el aeropuerto de Las Am\u00e9ricas, Dr. Jos\u00e9 Francisco Pe\u00f1a G\u00f3mez, para participar el mi\u00e9rcoles, de la Conferencia sobre Infraestructura de Inversi\u00f3n en Am\u00e9rica Latina y el Caribe, donde tendr\u00e1 una intervenci\u00f3n.<\/p>\n<div style=\"width: 715px;\" class=\"wp-video\"><!--[if lt IE 9]><script>document.createElement('video');<\/script><![endif]-->\n<video class=\"wp-video-shortcode\" id=\"video-21321-1\" width=\"715\" height=\"405\" preload=\"metadata\" controls=\"controls\"><source type=\"video\/mp4\" src=\"http:\/\/hormigaradio.com\/wp-content\/uploads\/2024\/09\/WhatsApp-Video-2024-09-03-at-8.22.29-AM.mp4?_=1\" \/><a href=\"http:\/\/hormigaradio.com\/wp-content\/uploads\/2024\/09\/WhatsApp-Video-2024-09-03-at-8.22.29-AM.mp4\">http:\/\/hormigaradio.com\/wp-content\/uploads\/2024\/09\/WhatsApp-Video-2024-09-03-at-8.22.29-AM.mp4<\/a><\/video><\/div>\n<p>El mismo mi\u00e9rcoles, el mandatario viaja a Washington donde al otro d\u00eda ser\u00e1 orador en la 27va. Conferencia Anual del Banco de Desarrollo de Am\u00e9rica Latina y el Caribe (CAF), en la sede de la Organizaci\u00f3n de Estados Americanos (OEA).<\/p>\n<p>El mandatario viajar\u00e1 acompa\u00f1ado de los ministros Roberto \u00c1lvarez, de Relaciones Exteriores; Jochy Vicente, de Hacienda y v\u00edctor -Ito- Bison\u00f3, de Industria, Comercio y Mipymes.<\/p>\n<p>Tambi\u00e9n sus asistentes, Eilyn Beltran, Lourdes Herrera y el coronel (ERD) Rafael Ram\u00edrez, subjefe del CUSEP.<\/p>\n<p>Junto a la delegaci\u00f3n que le acompa\u00f1ar\u00e1, el jefe de Estado dominicano, sostendr\u00e1 encuentros con ejecutivos del Centro de Estudios Estrat\u00e9gicos e Internacionales (CSIS).<\/p>\n<p>Tambi\u00e9n con ejecutivos de Di\u00e1logo Interamericano y con el secretario general de la OEA, Luis Almagro.<\/p>\n<p>El presidente Abinader tiene previsto regresar al pa\u00eds en horas de la noche del jueves.<\/p>\n<p>Impactos: 30<\/p>","protected":false},"excerpt":{"rendered":"<p>El presidente Luis Abinader viajar\u00e1 este martes a Estados Unidos para participar de varias actividades en las ciudades de Nueva York y Washington, invitado<\/p>\n","protected":false},"author":3,"featured_media":15500,"comment_status":"closed","ping_status":"closed","sticky":false,"template":"","format":"standard","meta":[],"categories":[3],"tags":[],"_links":{"self":[{"href":"https:\/\/hormigaradio.com\/index.php?rest_route=\/wp\/v2\/posts\/21321"}],"collection":[{"href":"https:\/\/hormigaradio.com\/index.php?rest_route=\/wp\/v2\/posts"}],"about":[{"href":"https:\/\/hormigaradio.com\/index.php?rest_route=\/wp\/v2\/types\/post"}],"author":[{"embeddable":true,"href":"https:\/\/hormigaradio.com\/index.php?rest_route=\/wp\/v2\/users\/3"}],"replies":[{"embeddable":true,"href":"https:\/\/hormigaradio.com\/index.php?rest_route=%2Fwp%2Fv2%2Fcomments&post=21321"}],"version-history":[{"count":2,"href":"https:\/\/hormigaradio.com\/index.php?rest_route=\/wp\/v2\/posts\/21321\/revisions"}],"predecessor-version":[{"id":21324,"href":"https:\/\/hormigaradio.com\/index.php?rest_route=\/wp\/v2\/posts\/21321\/revisions\/21324"}],"wp:featuredmedia":[{"embeddable":true,"href":"https:\/\/hormigaradio.com\/index.php?rest_route=\/wp\/v2\/media\/15500"}],"wp:attachment":[{"href":"https:\/\/hormigaradio.com\/index.php?rest_route=%2Fwp%2Fv2%2Fmedia&parent=21321"}],"wp:term":[{"taxonomy":"category","embeddable":true,"href":"https:\/\/hormigaradio.com\/index.php?rest_route=%2Fwp%2Fv2%2Fcategories&post=21321"},{"taxonomy":"post_tag","embeddable":true,"href":"https:\/\/hormigaradio.com\/index.php?rest_route=%2Fwp%2Fv2%2Ftags&post=21321"}],"curies":[{"name":"wp","href":"https:\/\/api.w.org\/{rel}","templated":true}]}}