{"id":21334,"date":"2024-09-05T13:09:21","date_gmt":"2024-09-05T13:09:21","guid":{"rendered":"https:\/\/hormigaradio.com\/?p=21334"},"modified":"2024-09-05T13:09:21","modified_gmt":"2024-09-05T13:09:21","slug":"vocero-del-gobierno-aclara-presentacion-formal-del-pacto-fiscal-no-se-hara-este-lunes","status":"publish","type":"post","link":"https:\/\/hormigaradio.com\/?p=21334","title":{"rendered":"VOCERO DEL GOBIERNO ACLARA PRESENTACI\u00d3N FORMAL DEL PACTO FISCAL NO SE HAR\u00c1 ESTE LUNES"},"content":{"rendered":"<p><img loading=\"lazy\" class=\"alignnone wp-image-15152\" src=\"http:\/\/hormigaradio.com\/wp-content\/uploads\/2022\/01\/FIRMA-para-Hormiga-Radio-300x158.jpeg\" alt=\"\" width=\"99\" height=\"52\" \/><\/p>\n<p>El vocero de la Presidencia y director de Estrategia y Comunicaci\u00f3n, Homero Figueroa, aclar\u00f3 que el Gobierno de la Rep\u00fablica Dominicana no presentar\u00e1 el proyecto del pacto fiscal este lunes.<\/p>\n<p>Esta aclaraci\u00f3n se hace, indic\u00f3 el Vocero del Gobierno, en atenci\u00f3n a las recientes interpretaciones surgidas tras las declaraciones del Director General de Presupuesto, Jos\u00e9 Rijo, respecto al proyecto de pacto fiscal.<\/p>\n<p>Mediante un comunicado oficial, Figueroa dijo que las expresiones del Director de Presupuesto, al referirse a &#8220;las pr\u00f3ximas semanas&#8221;, han sido malinterpretadas como si indicaran que la presentaci\u00f3n ser\u00eda en la pr\u00f3xima semana inmediata.<\/p>\n<p>&#8220;No obstante, el Gobierno reitera que se anunciar\u00e1 oportunamente la fecha exacta para la presentaci\u00f3n formal del Pacto Fiscal, asegurando un proceso ordenado y bien informado&#8221;, enfatiz\u00f3.<\/p>\n<p>Y agreg\u00f3: &#8220;Agradecemos la comprensi\u00f3n de los ciudadanos y los medios de comunicaci\u00f3n, y reafirmamos nuestro compromiso con un di\u00e1logo transparente y participativo en torno a las reformas econ\u00f3micas del pa\u00eds&#8221;.<\/p>\n<p>Impactos: 26<\/p>","protected":false},"excerpt":{"rendered":"<p>El vocero de la Presidencia y director de Estrategia y Comunicaci\u00f3n, Homero Figueroa, aclar\u00f3 que el Gobierno de la Rep\u00fablica Dominicana no presentar\u00e1 el<\/p>\n","protected":false},"author":3,"featured_media":12219,"comment_status":"closed","ping_status":"closed","sticky":false,"template":"","format":"standard","meta":[],"categories":[3],"tags":[],"_links":{"self":[{"href":"https:\/\/hormigaradio.com\/index.php?rest_route=\/wp\/v2\/posts\/21334"}],"collection":[{"href":"https:\/\/hormigaradio.com\/index.php?rest_route=\/wp\/v2\/posts"}],"about":[{"href":"https:\/\/hormigaradio.com\/index.php?rest_route=\/wp\/v2\/types\/post"}],"author":[{"embeddable":true,"href":"https:\/\/hormigaradio.com\/index.php?rest_route=\/wp\/v2\/users\/3"}],"replies":[{"embeddable":true,"href":"https:\/\/hormigaradio.com\/index.php?rest_route=%2Fwp%2Fv2%2Fcomments&post=21334"}],"version-history":[{"count":1,"href":"https:\/\/hormigaradio.com\/index.php?rest_route=\/wp\/v2\/posts\/21334\/revisions"}],"predecessor-version":[{"id":21335,"href":"https:\/\/hormigaradio.com\/index.php?rest_route=\/wp\/v2\/posts\/21334\/revisions\/21335"}],"wp:featuredmedia":[{"embeddable":true,"href":"https:\/\/hormigaradio.com\/index.php?rest_route=\/wp\/v2\/media\/12219"}],"wp:attachment":[{"href":"https:\/\/hormigaradio.com\/index.php?rest_route=%2Fwp%2Fv2%2Fmedia&parent=21334"}],"wp:term":[{"taxonomy":"category","embeddable":true,"href":"https:\/\/hormigaradio.com\/index.php?rest_route=%2Fwp%2Fv2%2Fcategories&post=21334"},{"taxonomy":"post_tag","embeddable":true,"href":"https:\/\/hormigaradio.com\/index.php?rest_route=%2Fwp%2Fv2%2Ftags&post=21334"}],"curies":[{"name":"wp","href":"https:\/\/api.w.org\/{rel}","templated":true}]}}