{"id":21338,"date":"2024-09-05T13:20:52","date_gmt":"2024-09-05T13:20:52","guid":{"rendered":"https:\/\/hormigaradio.com\/?p=21338"},"modified":"2024-09-05T19:49:35","modified_gmt":"2024-09-05T19:49:35","slug":"alcalde-santiago-ulises-rodriguez-se-reune-con-comerciarte-de-amaprosan-para-tratar-tema-hospedaje-yaque","status":"publish","type":"post","link":"https:\/\/hormigaradio.com\/?p=21338","title":{"rendered":"ALCALDE SANTIAGO ULISES RODR\u00cdGUEZ SE REUNE CON COMERCIARTE DE AMAPROSAN PARA TRATAR TEMA HOSPEDAJE YAQUE"},"content":{"rendered":"<p><img loading=\"lazy\" class=\"alignnone wp-image-15152\" src=\"http:\/\/hormigaradio.com\/wp-content\/uploads\/2022\/01\/FIRMA-para-Hormiga-Radio-300x158.jpeg\" alt=\"\" width=\"99\" height=\"52\" \/><\/p>\n<p>La Alcald\u00eda de Santiago acord\u00f3 con los directivos de la Asociaci\u00f3n de Mayoristas en Provisiones de Santiago (AMAPROSAN) trabajar juntos en la transformaci\u00f3n del Hospedaje Yaque para mantenerlo limpio, ordenado y organizado.<\/p>\n<p>Durante el encuentro en su despacho, el alcalde Rodr\u00edguez abord\u00f3 las actividades comerciales que se desarrollan en la zona, as\u00ed como el proceso de reacondicionamiento que se est\u00e1 implementando para revitalizar este principal mercado de frutas y provisiones de la ciudad.<\/p>\n<p>&#8220;Desde que asumimos nuestras funciones, iniciamos una r\u00e1pida intervenci\u00f3n en el Hospedaje Yaque, eliminando un gran vertedero que hab\u00eda all\u00ed. As\u00ed comenzamos el reacondicionamiento, y ustedes han visto c\u00f3mo lo vamos recuperando poco a poco&#8221;, afirm\u00f3.<\/p>\n<p>Mario Abreu, presidente de AMAPROSAN, junto con los directivos, manifest\u00f3 su firme compromiso de colaborar activamente en el proceso de rescate y reacondicionamiento del Hospedaje Yaque.<\/p>\n<p>Abreu subray\u00f3 la importancia de unir esfuerzos entre el sector p\u00fablico y privado para asegurar el \u00e9xito de este proyecto, se\u00f1alando que AMAPROSAN incentivar\u00e1 a todos sus miembros y a la comunidad en general a participar en esta iniciativa.<\/p>\n<p>El alcalde Rodr\u00edguez destac\u00f3 la relevancia de este tipo de colaboraciones para el desarrollo urbano y econ\u00f3mico de Santiago, y agradeci\u00f3 a AMAPROSAN por su disposici\u00f3n a involucrarse en la revitalizaci\u00f3n del Hospedaje Yaque.<\/p>\n<p>La administraci\u00f3n municipal busca no solo preservar el legado hist\u00f3rico del lugar, sino tambi\u00e9n impulsar que m\u00e1s personas acudan al mercado en busca de sus productos en un ambiente sano, limpio y organizado.<\/p>\n<p>Direcci\u00f3n de Comunicaci\u00f3n y Prensa del Ayuntamiento de Santiago<\/p>\n<p>Impactos: 31<\/p>","protected":false},"excerpt":{"rendered":"<p>La Alcald\u00eda de Santiago acord\u00f3 con los directivos de la Asociaci\u00f3n de Mayoristas en Provisiones de Santiago (AMAPROSAN) trabajar juntos en la transformaci\u00f3n del<\/p>\n","protected":false},"author":3,"featured_media":7894,"comment_status":"closed","ping_status":"closed","sticky":false,"template":"","format":"standard","meta":[],"categories":[3],"tags":[],"_links":{"self":[{"href":"https:\/\/hormigaradio.com\/index.php?rest_route=\/wp\/v2\/posts\/21338"}],"collection":[{"href":"https:\/\/hormigaradio.com\/index.php?rest_route=\/wp\/v2\/posts"}],"about":[{"href":"https:\/\/hormigaradio.com\/index.php?rest_route=\/wp\/v2\/types\/post"}],"author":[{"embeddable":true,"href":"https:\/\/hormigaradio.com\/index.php?rest_route=\/wp\/v2\/users\/3"}],"replies":[{"embeddable":true,"href":"https:\/\/hormigaradio.com\/index.php?rest_route=%2Fwp%2Fv2%2Fcomments&post=21338"}],"version-history":[{"count":1,"href":"https:\/\/hormigaradio.com\/index.php?rest_route=\/wp\/v2\/posts\/21338\/revisions"}],"predecessor-version":[{"id":21339,"href":"https:\/\/hormigaradio.com\/index.php?rest_route=\/wp\/v2\/posts\/21338\/revisions\/21339"}],"wp:featuredmedia":[{"embeddable":true,"href":"https:\/\/hormigaradio.com\/index.php?rest_route=\/wp\/v2\/media\/7894"}],"wp:attachment":[{"href":"https:\/\/hormigaradio.com\/index.php?rest_route=%2Fwp%2Fv2%2Fmedia&parent=21338"}],"wp:term":[{"taxonomy":"category","embeddable":true,"href":"https:\/\/hormigaradio.com\/index.php?rest_route=%2Fwp%2Fv2%2Fcategories&post=21338"},{"taxonomy":"post_tag","embeddable":true,"href":"https:\/\/hormigaradio.com\/index.php?rest_route=%2Fwp%2Fv2%2Ftags&post=21338"}],"curies":[{"name":"wp","href":"https:\/\/api.w.org\/{rel}","templated":true}]}}