{"id":21347,"date":"2024-09-06T21:31:41","date_gmt":"2024-09-06T21:31:41","guid":{"rendered":"https:\/\/hormigaradio.com\/?p=21347"},"modified":"2024-09-06T22:42:55","modified_gmt":"2024-09-06T22:42:55","slug":"diputada-prm-stamy-colon-califica-como-chantaje-advertencia-diosdado-caballo-sobre-petroleo","status":"publish","type":"post","link":"https:\/\/hormigaradio.com\/?p=21347","title":{"rendered":"DIPUTADA PRM ESTAMY COL\u00d3N CALIFICA COMO  CHANTAJE  ADVERTENCIA  DIOSDADO CABELLO SOBRE PETR\u00d3LEO"},"content":{"rendered":"<p><img loading=\"lazy\" class=\"alignnone wp-image-15152\" src=\"http:\/\/hormigaradio.com\/wp-content\/uploads\/2022\/01\/FIRMA-para-Hormiga-Radio-300x158.jpeg\" alt=\"\" width=\"80\" height=\"42\" \/><\/p>\n<p>La diputada del Partido Revolucionario Moderno (PRM), en la Circunscripci\u00f3n n\u00famero 01 de Santiago, <a href=\"http:\/\/hormigaradio.com\/wp-content\/uploads\/2024\/09\/Estamy-Colon-2.pdf\">Estamy Colon<\/a>, proclam\u00f3 que respalda la posici\u00f3n del presidente de la Rep\u00fablica, Luis Abinader, en relaci\u00f3n a la respuesta que dio el mandatario, a Diosdado Cabello, ministro del Interior Justicia y Paz, de Venezuela, quien ha tratado de condicionar el apoyo a su gobierno.<\/p>\n<p><img loading=\"lazy\" class=\"alignnone wp-image-21366 size-large\" src=\"http:\/\/hormigaradio.com\/wp-content\/uploads\/2024\/09\/WhatsApp-Image-2024-09-06-at-6.33.53-PM-775x1024.jpeg\" alt=\"\" width=\"715\" height=\"945\" srcset=\"https:\/\/hormigaradio.com\/wp-content\/uploads\/2024\/09\/WhatsApp-Image-2024-09-06-at-6.33.53-PM-775x1024.jpeg 775w, https:\/\/hormigaradio.com\/wp-content\/uploads\/2024\/09\/WhatsApp-Image-2024-09-06-at-6.33.53-PM-227x300.jpeg 227w, https:\/\/hormigaradio.com\/wp-content\/uploads\/2024\/09\/WhatsApp-Image-2024-09-06-at-6.33.53-PM-768x1014.jpeg 768w, https:\/\/hormigaradio.com\/wp-content\/uploads\/2024\/09\/WhatsApp-Image-2024-09-06-at-6.33.53-PM.jpeg 969w\" sizes=\"(max-width: 715px) 100vw, 715px\" \/><\/p>\n<p>La diputada perreme\u00edsta, se ha referido a la advertencia hecha por Diosdado Cabello, al Gobierno Dominicano, de que su pa\u00eds tiene petr\u00f3leo y que antes cualquier eventualidad, el gobierno de Nicol\u00e1s Maduro, esperar\u00e1 a los dominicanos en \u201cla bajadita\u201d, lo que se traduce como un condicionamiento para evitar las cr\u00edticas.<\/p>\n<p>En un comunicado publicado este viernes, la legisladora, puso los puntos claros, sobre la situaci\u00f3n, afirmando que tal advertencia no\u00a0 tiene asidero, debido a que las relaci\u00f3n comercial, entre Venezuela\u00a0 y Rep\u00fablica Dominicana, es casi, inexistente, porque as\u00ed lo reflejan los n\u00fameros las importaciones y exportaciones, entre ambas naciones, seg\u00fan las cifras del Banco Central, al 2023.<\/p>\n<p>Seg\u00fan dijo la congresista, <a href=\"http:\/\/hormigaradio.com\/wp-content\/uploads\/2024\/09\/Estamy-Colon-2.pdf\">Estamy Colon<\/a> , las declaraciones, del ministro Cabello, no solo carecen de fundamentos, sino, que denotan un gran desconocimiento de la realidad econ\u00f3mica de la Rep\u00fablica\u00a0 Dominicana.<\/p>\n<p>\u201cLa Rep\u00fablica Dominicana ha demostrado un notable desarrollo econ\u00f3mico en los \u00faltimos a\u00f1os, impulsado por una diversificaci\u00f3n de sus mercados y una robusta inversi\u00f3n en infraestructura y turismo\u201d, afirma la diputada Col\u00f3n el comunicado, en el cual tambi\u00e9n destaca las valoraciones hechas por el presidente, Luis\u00a0 Abinader, de que\u00a0 a\u00fan sin petr\u00f3leo, la Rep\u00fablica Dominicana, es la s\u00e9ptima econom\u00eda\u00a0 de Latinoam\u00e9rica.<\/p>\n<p><strong>Descargar comunicado.<\/strong><\/p>\n<p><img loading=\"lazy\" class=\"alignnone wp-image-15467\" src=\"http:\/\/hormigaradio.com\/wp-content\/uploads\/2022\/02\/flecha.jpg\" alt=\"\" width=\"20\" height=\"25\" \/><\/p>\n<p><a href=\"http:\/\/hormigaradio.com\/wp-content\/uploads\/2024\/09\/Estamy-Colon-2.pdf\">Estamy Colon<\/a><\/p>\n<p>Impactos: 67<\/p>","protected":false},"excerpt":{"rendered":"<p>La diputada del Partido Revolucionario Moderno (PRM), en la Circunscripci\u00f3n n\u00famero 01 de Santiago, Estamy Colon, proclam\u00f3 que respalda la posici\u00f3n del presidente de<\/p>\n","protected":false},"author":3,"featured_media":21348,"comment_status":"closed","ping_status":"closed","sticky":false,"template":"","format":"standard","meta":[],"categories":[6],"tags":[],"_links":{"self":[{"href":"https:\/\/hormigaradio.com\/index.php?rest_route=\/wp\/v2\/posts\/21347"}],"collection":[{"href":"https:\/\/hormigaradio.com\/index.php?rest_route=\/wp\/v2\/posts"}],"about":[{"href":"https:\/\/hormigaradio.com\/index.php?rest_route=\/wp\/v2\/types\/post"}],"author":[{"embeddable":true,"href":"https:\/\/hormigaradio.com\/index.php?rest_route=\/wp\/v2\/users\/3"}],"replies":[{"embeddable":true,"href":"https:\/\/hormigaradio.com\/index.php?rest_route=%2Fwp%2Fv2%2Fcomments&post=21347"}],"version-history":[{"count":8,"href":"https:\/\/hormigaradio.com\/index.php?rest_route=\/wp\/v2\/posts\/21347\/revisions"}],"predecessor-version":[{"id":21368,"href":"https:\/\/hormigaradio.com\/index.php?rest_route=\/wp\/v2\/posts\/21347\/revisions\/21368"}],"wp:featuredmedia":[{"embeddable":true,"href":"https:\/\/hormigaradio.com\/index.php?rest_route=\/wp\/v2\/media\/21348"}],"wp:attachment":[{"href":"https:\/\/hormigaradio.com\/index.php?rest_route=%2Fwp%2Fv2%2Fmedia&parent=21347"}],"wp:term":[{"taxonomy":"category","embeddable":true,"href":"https:\/\/hormigaradio.com\/index.php?rest_route=%2Fwp%2Fv2%2Fcategories&post=21347"},{"taxonomy":"post_tag","embeddable":true,"href":"https:\/\/hormigaradio.com\/index.php?rest_route=%2Fwp%2Fv2%2Ftags&post=21347"}],"curies":[{"name":"wp","href":"https:\/\/api.w.org\/{rel}","templated":true}]}}