{"id":21359,"date":"2024-09-06T22:15:05","date_gmt":"2024-09-06T22:15:05","guid":{"rendered":"https:\/\/hormigaradio.com\/?p=21359"},"modified":"2024-09-06T22:36:05","modified_gmt":"2024-09-06T22:36:05","slug":"presidente-abinader-agoto-una-amplia-agenda-de-temas-bilaterales-con-respeto-mutuo-y-transparencia","status":"publish","type":"post","link":"https:\/\/hormigaradio.com\/?p=21359","title":{"rendered":"PRESIDENTE ABINADER AGOT\u00d3 UNA AMPLIA AGENDA DE TEMAS BILATERALES CON RESPETO MUTUO Y TRANSPARENCIA"},"content":{"rendered":"<p><img loading=\"lazy\" class=\"alignnone wp-image-15152\" src=\"http:\/\/hormigaradio.com\/wp-content\/uploads\/2022\/01\/FIRMA-para-Hormiga-Radio-300x158.jpeg\" alt=\"\" width=\"80\" height=\"42\" \/><\/p>\n<p>El presidente Luis Abinader sostuvo este viernes una reuni\u00f3n bilateral con el secretario de Estado de los Estados Unidos, Antony Blinken, donde agot\u00f3 una amplia agenda de temas bilaterales con respeto mutuo y transparencia.<\/p>\n<p>Tras concluir el encuentro, en el Palacio Nacional, sede del Gobierno de la Rep\u00fablica Dominicana, el presidente Abinader y el secretario norteamericano Blinken, ofrecieron una rueda de prensa donde reafirmaron que las relaciones entre ambas naciones Unidos atraviesan uno de sus mejores momentos hist\u00f3ricos.<\/p>\n<div style=\"width: 715px;\" class=\"wp-video\"><!--[if lt IE 9]><script>document.createElement('video');<\/script><![endif]-->\n<video class=\"wp-video-shortcode\" id=\"video-21359-1\" width=\"715\" height=\"403\" preload=\"metadata\" controls=\"controls\"><source type=\"video\/mp4\" src=\"http:\/\/hormigaradio.com\/wp-content\/uploads\/2024\/09\/WhatsApp-Video-2024-09-06-at-6.25.52-PM.mp4?_=1\" \/><a href=\"http:\/\/hormigaradio.com\/wp-content\/uploads\/2024\/09\/WhatsApp-Video-2024-09-06-at-6.25.52-PM.mp4\">http:\/\/hormigaradio.com\/wp-content\/uploads\/2024\/09\/WhatsApp-Video-2024-09-06-at-6.25.52-PM.mp4<\/a><\/video><\/div>\n<p>En el acto, el mandatario expres\u00f3 un sincero agradecimiento al secretario de Estado de los Estados Unidos, Antony Blinken, por su visita a la Rep\u00fablica Dominicana, lo cual dijo es un gesto que manifiesta la fortaleza de la alianza bilateral, y que, en el contexto actual, es una reafirmaci\u00f3n de que las relaciones entre la Rep\u00fablica Dominicana y los Estados est\u00e1n fundamentadas en una cooperaci\u00f3n respetuosa, s\u00f3lida y continua en temas clave como la seguridad regional, la prosperidad econ\u00f3mica, los derechos humanos y la estabilidad democr\u00e1tica en la regi\u00f3n.<\/p>\n<p>El gobernante dominicano indic\u00f3 que en esta reuni\u00f3n de hoy manifest\u00f3 su preocupaci\u00f3n por la crisis en Hait\u00ed, donde el gobierno de transici\u00f3n enfrenta serios desaf\u00edos y que la insuficiente cooperaci\u00f3n en seguridad y el escape de miles de presos agravan la situaci\u00f3n y agreg\u00f3 que ha solicitado detalles sobre el despliegue de m\u00e1s contingentes de la Misi\u00f3n Multinacional de Apoyo a la Seguridad (MSS) y sobre los recursos necesarios para fortalecer el Fondo Fiduciario de la ONU. \u201cRecordamos, adem\u00e1s, que es esencial renovar el mandato de la MSS en octubre\u201d.<\/p>\n<p>Manifest\u00f3 que la crisis en Hait\u00ed ha incrementado la presi\u00f3n migratoria hacia la Rep\u00fablica Dominicana, afectando los servicios p\u00fablicos y generando riesgos para la seguridad del pa\u00eds. \u201cEsta presi\u00f3n se refleja en la matr\u00edcula de nuestro sistema escolar, donde el 6.5% de los estudiantes, unos 147 mil, son de nacionalidad haitiana. Adem\u00e1s, en nuestros hospitales p\u00fablicos, el 14% de los internamientos y el 34% de los partos son de inmigrantes indocumentados haitianos. En ning\u00fan sistema de salud del mundo ocurre esto\u201d.<\/p>\n<p>En ese orden, el presidente Abinader reafirm\u00f3 su compromiso en la lucha contra la trata de personas, implementando recomendaciones internacionales y presentando una reforma legislativa para proteger mejor a las v\u00edctimas, especialmente a menores de edad.<\/p>\n<p>\u201cHemos conversado sobre las formas de fortalecer la seguridad regional enmarcado en la iniciativa de Seguridad de la Cuenca del Caribe. Expresamos nuestra preocupaci\u00f3n por la situaci\u00f3n en Venezuela, especialmente por la orden de arresto en contra del principal candidato opositor. Seguimos apoyando las resoluciones de la OEA y abogamos por una respuesta hemisf\u00e9rica coordinada en la ONU\u201d, expuso Abinader.<\/p>\n<p>El presidente Abinader explic\u00f3, adem\u00e1s que, en este encuentro con el secretario de estado Blinken, hizo un recordatorio de que la Rep\u00fablica Dominicana ser\u00e1 sede de la X Cumbre de las Am\u00e9ricas en diciembre de 2025 en Punta Cana y que en ese sentido invit\u00f3 a la delegaci\u00f3n de los Estados Unidos al evento especial en diciembre de 2024 para celebrar el 30 aniversario de las Cumbres, en el que analizar\u00e1n su evoluci\u00f3n y perspectivas futuras.<\/p>\n<p>\u201cReiteramos nuestro compromiso con la cooperaci\u00f3n entre ambos pa\u00edses para el fortalecimiento de la seguridad y la estabilidad regional, respetando las naturales diferencias de perspectivas en algunos temas\u201d, concluy\u00f3 el jefe de estado dominicano.<\/p>\n<p>Estados Unidos est\u00e1 comprometido con trabajar junto con el pueblo dominicano<\/p>\n<p>De su lado, el secretario de Estado de Estados Unidos, Antony Blinken, agradeci\u00f3 al presidente Abinader por la c\u00e1lida bienvenida ofrecida a su persona y resalt\u00f3 su liderazgo y asociaci\u00f3n, donde reconoci\u00f3 que los Estados Unidos valora much\u00edsimo.<\/p>\n<div style=\"width: 715px;\" class=\"wp-video\"><video class=\"wp-video-shortcode\" id=\"video-21359-2\" width=\"715\" height=\"403\" preload=\"metadata\" controls=\"controls\"><source type=\"video\/mp4\" src=\"http:\/\/hormigaradio.com\/wp-content\/uploads\/2024\/09\/WhatsApp-Video-2024-09-06-at-6.31.08-PM-1.mp4?_=2\" \/><a href=\"http:\/\/hormigaradio.com\/wp-content\/uploads\/2024\/09\/WhatsApp-Video-2024-09-06-at-6.31.08-PM-1.mp4\">http:\/\/hormigaradio.com\/wp-content\/uploads\/2024\/09\/WhatsApp-Video-2024-09-06-at-6.31.08-PM-1.mp4<\/a><\/video><\/div>\n<p>Dijo que est\u00e1n defendiendo los valores democr\u00e1ticos compartidos y que el presidente Abinader realmente ha mostrado un gran liderazgo en abordar reformas importantes como la lucha contra la corrupci\u00f3n, el fortalecimiento del poder judicial independiente. &#8220;Los Estados Unidos est\u00e1 comprometido con trabajar junto con el pueblo dominicano para apoyar estos esfuerzos, capacitando a los funcionarios dominicanos para luchar contra el fraude y el abuso y tambi\u00e9n en la promoci\u00f3n de los derechos humanos y los derechos de los trabajadores&#8221;.<\/p>\n<p>El funcionario record\u00f3 las visitas recientemente de dos funcionarias estadounidenses, la Secretaria de Energ\u00eda, Jennifer Granholm y la Administradora de la Agencia Internacional para el Desarrollo de los Estados Unidos (USAID), Samantha Power y apunt\u00f3, que estas reuniones importantes recalcan la importancia que le da los Estados Unidos a la asociaci\u00f3n con Rep\u00fablica Dominicana, y la importancia que tiene para los pa\u00edses de la regi\u00f3n en todo el mundo.<\/p>\n<p>Blinken resalt\u00f3 que la Rep\u00fablica Dominicana ya es la econom\u00eda m\u00e1s grande del Caribe y una de las econom\u00edas que est\u00e1n creciendo m\u00e1s r\u00e1pido en Latinoam\u00e9rica y sostuvo que juntos, los dos pa\u00edses est\u00e1n impulsando m\u00e1s crecimiento y ampliando las oportunidades inclusivas para las personas.<\/p>\n<p>Asimismo, record\u00f3 el acuerdo de cielos abiertos firmado el mes pasado entre ambas naciones el cual dijo, permitir\u00e1 m\u00e1s vuelos comerciales entre los pa\u00edses lo cual generar\u00e1 m\u00e1s comercio, turismo y empleos.<\/p>\n<p>El Secretario de Estado de los Estados Unidos, anunci\u00f3 el lanzamiento de una nueva iniciativa entre tres universidades dominicanas y estadounidenses para darle a los estudiantes dominicanos capacidades en la industria de los semiconductores y la primera fase de una inversi\u00f3n de la cadena de suministro de la USAID, con 3 millones de d\u00f3lares que ayudar\u00e1n al gobierno dominicano para mejorar la capacitaci\u00f3n laboral, construir parques industriales y atraer a las industrias de alta tecnolog\u00eda en el pa\u00eds.<\/p>\n<p>Consider\u00f3 que este programa adelantar\u00e1 las prioridades de la alianza de la prosperidad econ\u00f3mica de las am\u00e9ricas que incluye a una decena de pa\u00edses para modernizar las relaciones econ\u00f3micas, mejorar la protecci\u00f3n al trabajador y hacer m\u00e1s resilientes las cadenas de suministros y destac\u00f3 el liderazgo de la Rep\u00fablica Dominicana en este esfuerzo, donde especialmente han sido la transparencia y el estado de derecho que comparten.<\/p>\n<p>El secretario de Estado de los Estados Unidos dijo que convers\u00f3 con el presidente Abinader sobre la situaci\u00f3n en Hait\u00ed, donde la inseguridad en dicha naci\u00f3n no solamente preocupa al pueblo haitiano, sino tambi\u00e9n a la Rep\u00fablica Dominicana y en todo el hemisferio y en ese orden, agradeci\u00f3 al presidente Abinader por movilizar a la comunidad internacional para hacer m\u00e1s por Hait\u00ed, la cual calific\u00f3 como una responsabilidad colectiva que nace en los labores compartidos y por las repercusiones que pueden tener en las naciones al alrededor.<\/p>\n<p>Sostuvo que ambos pa\u00edses est\u00e1n cooperando mediante la iniciativa de seguridad de la cuenca del caribe para abordar el crimen transnacional, luchar contra el tr\u00e1fico de droga y seguridad nacional y expuso que gracias a estas iniciativas las autoridades dominicanas el a\u00f1o pasado incautaron m\u00e1s de 100 toneladas de estupefacientes il\u00edcitos del 2020 al 2023 m\u00e1s que en los 15 a\u00f1os anteriores. &#8220;Esto demuestra dos cosas el creciente \u00e9xito que hemos tenido y tambi\u00e9n la magnitud del desaf\u00edo y estamos comprometidos con trabajar en esto juntos para fortalecer a\u00fan m\u00e1s nuestros esfuerzos tan importantes.<\/p>\n<p>El secretario de Estado norteamericano felicit\u00f3 al presidente Abinader y al pa\u00eds por el liderazgo que est\u00e1n mostrando mediante la Alianza 2030 que anunci\u00f3 la vicepresidenta Kamala Harris en 2022 y agreg\u00f3 que los Estados Unidos, la Rep\u00fablica Dominicana y la comunidad del Caribe est\u00e1n trabajando juntos para abordar la amenaza urgente del cambio clim\u00e1tico, mejorando la agricultura clim\u00e1ticamente inteligente, invirtiendo en infraestructura verde y elaborando tecnolog\u00edas renovables.<\/p>\n<p>Manifest\u00f3 que est\u00e1n agradecidos con Rep\u00fablica Dominicana por ser anfitri\u00f3n de la siguiente cumbre de las Am\u00e9ricas para construir un regi\u00f3n m\u00e1s competitiva, sostenible y democr\u00e1tica.<\/p>\n<p>&#8220;Se\u00f1or presidente, cuando usted se reuni\u00f3 con el presidente Biden en la oficina oval en noviembre usted dijo y cito: el pueblo dominicano somos sus amigos, el pueblo dominicano somos sus aliados y el pueblo dominicano somos sus socios. Los Estados Unidos y yo estamos sumamente agradecidos por eso. Esta amistad, esta alianza y esta asociaci\u00f3n nunca ha sido m\u00e1s fuerte\u201d, expres\u00f3 Blinken.<\/p>\n<p>Por el Gobierno dominicano estuvieron presentes los presidentes del Senado, Ricardo De Los Santos y de la C\u00e1mara de Diputados, Alfredo Pacheco; el ministro de la Presidencia, Jos\u00e9 Ignacio Paliza; la ministra de Interior y Polic\u00eda, Faride Raful y el viceministro de Pol\u00edtica Exterior Multilateral, Rub\u00e9n Sili\u00e9<\/p>\n<p>Mientras que, la delegaci\u00f3n norteamericana la integraron el subsecretario de Estado para Asuntos del Hemisferio Occidental, Brian Nichols; la jefa de Gabinete, Suzy George; la encargada de Negocios de la Embajada de los Estados Unidos, Patricia Aguilera; la administradora adjunta de la USAID para Pol\u00edticas y Programaci\u00f3n, Isobel Coleman; el director senior del Consejo de Seguridad Nacional (NSC por sus siglas en ingl\u00e9s) para Asuntos del Hemisferio Occidental, Daniel Erikson y el subdirector del Grupo de Trabajo Interinstitucional de la Misi\u00f3n Multinacional de Apoyo a la Seguridad, Embajador Michael Fitzpatrick<\/p>\n<p>Impactos: 28<\/p>","protected":false},"excerpt":{"rendered":"<p>El presidente Luis Abinader sostuvo este viernes una reuni\u00f3n bilateral con el secretario de Estado de los Estados Unidos, Antony Blinken, donde agot\u00f3 una<\/p>\n","protected":false},"author":3,"featured_media":21360,"comment_status":"closed","ping_status":"closed","sticky":false,"template":"","format":"standard","meta":[],"categories":[6],"tags":[],"_links":{"self":[{"href":"https:\/\/hormigaradio.com\/index.php?rest_route=\/wp\/v2\/posts\/21359"}],"collection":[{"href":"https:\/\/hormigaradio.com\/index.php?rest_route=\/wp\/v2\/posts"}],"about":[{"href":"https:\/\/hormigaradio.com\/index.php?rest_route=\/wp\/v2\/types\/post"}],"author":[{"embeddable":true,"href":"https:\/\/hormigaradio.com\/index.php?rest_route=\/wp\/v2\/users\/3"}],"replies":[{"embeddable":true,"href":"https:\/\/hormigaradio.com\/index.php?rest_route=%2Fwp%2Fv2%2Fcomments&post=21359"}],"version-history":[{"count":3,"href":"https:\/\/hormigaradio.com\/index.php?rest_route=\/wp\/v2\/posts\/21359\/revisions"}],"predecessor-version":[{"id":21365,"href":"https:\/\/hormigaradio.com\/index.php?rest_route=\/wp\/v2\/posts\/21359\/revisions\/21365"}],"wp:featuredmedia":[{"embeddable":true,"href":"https:\/\/hormigaradio.com\/index.php?rest_route=\/wp\/v2\/media\/21360"}],"wp:attachment":[{"href":"https:\/\/hormigaradio.com\/index.php?rest_route=%2Fwp%2Fv2%2Fmedia&parent=21359"}],"wp:term":[{"taxonomy":"category","embeddable":true,"href":"https:\/\/hormigaradio.com\/index.php?rest_route=%2Fwp%2Fv2%2Fcategories&post=21359"},{"taxonomy":"post_tag","embeddable":true,"href":"https:\/\/hormigaradio.com\/index.php?rest_route=%2Fwp%2Fv2%2Ftags&post=21359"}],"curies":[{"name":"wp","href":"https:\/\/api.w.org\/{rel}","templated":true}]}}