{"id":21395,"date":"2024-09-10T02:29:12","date_gmt":"2024-09-10T02:29:12","guid":{"rendered":"https:\/\/hormigaradio.com\/?p=21395"},"modified":"2024-09-10T02:31:29","modified_gmt":"2024-09-10T02:31:29","slug":"raquel-pena-invita-a-los-jovenes-a-elegir-el-servicio-publico-como-herramienta-de-transformacion-social","status":"publish","type":"post","link":"https:\/\/hormigaradio.com\/?p=21395","title":{"rendered":"RAQUEL PE\u00d1A INVITA A LOS J\u00d3VENES A ELEGIR EL SERVICIO P\u00daBLICO COMO HERRAMIENTA DE TRANSFORMACI\u00d3N SOCIAL"},"content":{"rendered":"<p><img loading=\"lazy\" class=\"alignnone wp-image-15152\" src=\"http:\/\/hormigaradio.com\/wp-content\/uploads\/2022\/01\/FIRMA-para-Hormiga-Radio-300x158.jpeg\" alt=\"\" width=\"80\" height=\"42\" \/><\/p>\n<p>La vicepresidenta de la Rep\u00fablica, Raquel Pe\u00f1a, alent\u00f3 este lunes a la juventud dominicana a ver en el servicio p\u00fablico un camino que les permite ser protagonistas del cambio que amerita la sociedad.<\/p>\n<p>\u201cLes animo a ver el servicio p\u00fablico como una vocaci\u00f3n noble, una oportunidad para actuar en beneficio del bien com\u00fan, para influir positivamente en la vida de los dem\u00e1s y para contribuir a la construcci\u00f3n de un pa\u00eds m\u00e1s justo y equitativo\u201d, manifest\u00f3 Pe\u00f1a.<\/p>\n<div style=\"width: 715px;\" class=\"wp-video\"><!--[if lt IE 9]><script>document.createElement('video');<\/script><![endif]-->\n<video class=\"wp-video-shortcode\" id=\"video-21395-1\" width=\"715\" height=\"405\" preload=\"metadata\" controls=\"controls\"><source type=\"video\/mp4\" src=\"http:\/\/hormigaradio.com\/wp-content\/uploads\/2024\/09\/WhatsApp-Video-2024-09-09-at-8.16.47-PM.mp4?_=1\" \/><a href=\"http:\/\/hormigaradio.com\/wp-content\/uploads\/2024\/09\/WhatsApp-Video-2024-09-09-at-8.16.47-PM.mp4\">http:\/\/hormigaradio.com\/wp-content\/uploads\/2024\/09\/WhatsApp-Video-2024-09-09-at-8.16.47-PM.mp4<\/a><\/video><\/div>\n<p>La vicemandataria, quien fue la responsable de darle voz a la c\u00e1tedra inaugural del a\u00f1o acad\u00e9mico 2024-2025 de la Pontificia Universidad Cat\u00f3lica Madre y Maestra (PUCMM), resalt\u00f3 la importancia de que los estudiantes puedan acumular conocimientos, pero a\u00fan m\u00e1s el que puedan desarrollar un esp\u00edritu cr\u00edtico que les permita cuestionar, innovar y, sobre todo, servir.<\/p>\n<p>\u201cNuestro pa\u00eds, al igual que muchos otros, enfrenta una serie de retos que requieren acci\u00f3n inmediata y cada uno de ustedes tiene un papel crucial que desempe\u00f1ar en la construcci\u00f3n de un futuro mejor para todos\u201d, puntualiz\u00f3 Raquel Pe\u00f1a.<\/p>\n<p>Durante la conferencia, que llev\u00f3 por nombre \u201cM\u00e1s all\u00e1 del conocimiento: el desaf\u00edo de liderar para servir\u201d, la vicepresidenta apunt\u00f3 que la educaci\u00f3n no consiste \u00fanicamente en impartir conocimientos, sino en formar ciudadanos responsables y que este principio es crucial y debe orientar tanto la formaci\u00f3n acad\u00e9mica como profesional.<\/p>\n<p>Vicepresidenta desde las aulas<\/p>\n<p>En el marco del encuentro, que tambi\u00e9n coincidi\u00f3 con la celebraci\u00f3n del aniversario n\u00famero 62 de la casa de altos estudios, la vicepresidenta anunci\u00f3 que retomar\u00e1 la docencia de manera parcial y temporal.<\/p>\n<p>\u201cComo parte de mi compromiso con la educaci\u00f3n y el desarrollo de la innovaci\u00f3n, he decidido regresar a las aulas. Esta decisi\u00f3n responde a mi necesidad interna de contribuir de manera directa a la formaci\u00f3n de l\u00edderes capaces de enfrentar los desaf\u00edos del futuro con creatividad y resiliencia. Quiero estar aqu\u00ed, junto a ustedes, aprendiendo y ense\u00f1ando, compartiendo experiencias y conocimientos que nos permitan construir un pa\u00eds mejor para todos\u201d, explic\u00f3.<\/p>\n<p>De igual modo, aprovech\u00f3 para reconocer la labor de la PUCMM en la implementaci\u00f3n de metodolog\u00edas pedag\u00f3gicas innovadoras, su papel en la promoci\u00f3n del di\u00e1logo y la concertaci\u00f3n, y su capacidad para fortalecer sus capacidades de investigaci\u00f3n, as\u00ed como la formaci\u00f3n de profesionales que ha dejado huella.<\/p>\n<p>Finalmente, la vicepresidenta expres\u00f3 que su deseo es que cada uno de los alumnos encuentre en su trayectoria acad\u00e9mica no solo conocimiento, sino tambi\u00e9n inspiraci\u00f3n, pasi\u00f3n y un prop\u00f3sito m\u00e1s grande.<\/p>\n<p>\u201cQue cada lecci\u00f3n aprendida, cada desaf\u00edo superado y cada \u00e9xito alcanzado en este nuevo ciclo los acerque un paso m\u00e1s a sus metas personales y profesionales\u201d, agreg\u00f3.<\/p>\n<p>Eucarist\u00eda por aniversario<\/p>\n<p>Previamente, la vicemandataria particip\u00f3 de la misa de acci\u00f3n de gracias por motivo del 62 aniversario de la Pontificia Universidad Cat\u00f3lica Madre y Maestra.<\/p>\n<p>La eucarist\u00eda tuvo lugar en la parroquia Nuestra Se\u00f1ora de la Anunciaci\u00f3n y fue presidida por monse\u00f1or H\u00e9ctor Rafael Rodr\u00edguez, el arzobispo metropolitano de la Arquidi\u00f3cesis de Santiago de los Caballeros y gran canciller de la PUCMM.<\/p>\n<p>En la homil\u00eda, el rector de la academia, padre Secilio Espinal, indic\u00f3 que la PUCMM ha sido por 62 a\u00f1os un referente de excelencia innovaci\u00f3n y servicio a la comunidad.<\/p>\n<p>Impactos: 26<\/p>","protected":false},"excerpt":{"rendered":"<p>La vicepresidenta de la Rep\u00fablica, Raquel Pe\u00f1a, alent\u00f3 este lunes a la juventud dominicana a ver en el servicio p\u00fablico un camino que les<\/p>\n","protected":false},"author":3,"featured_media":21397,"comment_status":"closed","ping_status":"closed","sticky":false,"template":"","format":"standard","meta":[],"categories":[3],"tags":[],"_links":{"self":[{"href":"https:\/\/hormigaradio.com\/index.php?rest_route=\/wp\/v2\/posts\/21395"}],"collection":[{"href":"https:\/\/hormigaradio.com\/index.php?rest_route=\/wp\/v2\/posts"}],"about":[{"href":"https:\/\/hormigaradio.com\/index.php?rest_route=\/wp\/v2\/types\/post"}],"author":[{"embeddable":true,"href":"https:\/\/hormigaradio.com\/index.php?rest_route=\/wp\/v2\/users\/3"}],"replies":[{"embeddable":true,"href":"https:\/\/hormigaradio.com\/index.php?rest_route=%2Fwp%2Fv2%2Fcomments&post=21395"}],"version-history":[{"count":2,"href":"https:\/\/hormigaradio.com\/index.php?rest_route=\/wp\/v2\/posts\/21395\/revisions"}],"predecessor-version":[{"id":21399,"href":"https:\/\/hormigaradio.com\/index.php?rest_route=\/wp\/v2\/posts\/21395\/revisions\/21399"}],"wp:featuredmedia":[{"embeddable":true,"href":"https:\/\/hormigaradio.com\/index.php?rest_route=\/wp\/v2\/media\/21397"}],"wp:attachment":[{"href":"https:\/\/hormigaradio.com\/index.php?rest_route=%2Fwp%2Fv2%2Fmedia&parent=21395"}],"wp:term":[{"taxonomy":"category","embeddable":true,"href":"https:\/\/hormigaradio.com\/index.php?rest_route=%2Fwp%2Fv2%2Fcategories&post=21395"},{"taxonomy":"post_tag","embeddable":true,"href":"https:\/\/hormigaradio.com\/index.php?rest_route=%2Fwp%2Fv2%2Ftags&post=21395"}],"curies":[{"name":"wp","href":"https:\/\/api.w.org\/{rel}","templated":true}]}}