{"id":21404,"date":"2024-09-10T03:11:14","date_gmt":"2024-09-10T03:11:14","guid":{"rendered":"https:\/\/hormigaradio.com\/?p=21404"},"modified":"2024-09-10T03:22:02","modified_gmt":"2024-09-10T03:22:02","slug":"defensor-del-pueblo-pone-en-marcha-ruta-de-los-derechos","status":"publish","type":"post","link":"https:\/\/hormigaradio.com\/?p=21404","title":{"rendered":"DEFENSOR DEL PUEBLO PONE EN MARCHA \u201cRUTA DE LOS DERECHOS\u201d"},"content":{"rendered":"<p><img loading=\"lazy\" class=\"alignnone wp-image-15152\" src=\"http:\/\/hormigaradio.com\/wp-content\/uploads\/2022\/01\/FIRMA-para-Hormiga-Radio-300x158.jpeg\" alt=\"\" width=\"80\" height=\"42\" \/><\/p>\n<p>El Defensor del Pueblo de la Rep\u00fablica Dominicana lanz\u00f3 este lunes la \u201cRuta de los Derechos\u201d en la provincia Santiago, iniciativa que tiene la finalidad de promover el reconocimiento y la protecci\u00f3n de los derechos de la poblaci\u00f3n.<br \/>\nPablo Ulloa puntualiz\u00f3 que a trav\u00e9s de las jornadas buscan educar y empoderar a la ciudadan\u00eda para fomentar una cultura de respeto, promoci\u00f3n y defensa de los derechos y deberes.<\/p>\n<div style=\"width: 715px;\" class=\"wp-video\"><!--[if lt IE 9]><script>document.createElement('video');<\/script><![endif]-->\n<video class=\"wp-video-shortcode\" id=\"video-21404-1\" width=\"715\" height=\"405\" preload=\"metadata\" controls=\"controls\"><source type=\"video\/mp4\" src=\"http:\/\/hormigaradio.com\/wp-content\/uploads\/2024\/09\/WhatsApp-Video-2024-09-09-at-11.06.13-PM.mp4?_=1\" \/><a href=\"http:\/\/hormigaradio.com\/wp-content\/uploads\/2024\/09\/WhatsApp-Video-2024-09-09-at-11.06.13-PM.mp4\">http:\/\/hormigaradio.com\/wp-content\/uploads\/2024\/09\/WhatsApp-Video-2024-09-09-at-11.06.13-PM.mp4<\/a><\/video><\/div>\n<p>\u201cUna poblaci\u00f3n m\u00e1s educada y conocedora de sus derechos es una ciudadan\u00eda empoderada de sus facultades constitucionales\u201d, explic\u00f3 Ulloa.<br \/>\nDurante la jornada desarrollada en Santiago de los Caballeros, el servidor p\u00fablico inici\u00f3 la agenda de actividades izando la Bandera Nacional en el Monumento a los H\u00e9roes de la Restauraci\u00f3n junto a estudiantes y profesores del Polit\u00e9cnico Francisco Ulises Espaillat.<br \/>\nEl programa continu\u00f3 con una charla sobre el rol del Defensor del Pueblo, titulada \u201cPor el bien com\u00fan, un liderazgo que transforma\u201d, en la Gobernaci\u00f3n de esta demarcaci\u00f3n, en la que estuvieron presentes autoridades provinciales y p\u00fablico en general.<br \/>\nPosteriormente, se desarroll\u00f3 una conferencia con mujeres emprendedoras, adem\u00e1s del conversatorio Defensor TEC, entre otras actividades educativas.<br \/>\nEl programa culmin\u00f3 con el cierre de la Feria de los Derechos que se estuvo realizando durante todo el d\u00eda con la participaci\u00f3n de privados de libertad del Centro de Correcci\u00f3n y Rehabilitaci\u00f3n de Rafey (hombres-mujeres) y l\u00edderes comunitarios.<br \/>\nLa Ruta de los Derechos continuar\u00e1 este viernes 13 de septiembre en la provincia Hermanas Mirabal y posteriormente en La Vega, Duarte, S\u00e1nchez Ram\u00edrez, Monse\u00f1or Nouel, Espaillat, hasta completar todas las demarcaciones del territorio nacional.<\/p>\n<p>Impactos: 35<\/p>","protected":false},"excerpt":{"rendered":"<p>El Defensor del Pueblo de la Rep\u00fablica Dominicana lanz\u00f3 este lunes la \u201cRuta de los Derechos\u201d en la provincia Santiago, iniciativa que tiene la<\/p>\n","protected":false},"author":3,"featured_media":21406,"comment_status":"closed","ping_status":"closed","sticky":false,"template":"","format":"standard","meta":[],"categories":[3],"tags":[],"_links":{"self":[{"href":"https:\/\/hormigaradio.com\/index.php?rest_route=\/wp\/v2\/posts\/21404"}],"collection":[{"href":"https:\/\/hormigaradio.com\/index.php?rest_route=\/wp\/v2\/posts"}],"about":[{"href":"https:\/\/hormigaradio.com\/index.php?rest_route=\/wp\/v2\/types\/post"}],"author":[{"embeddable":true,"href":"https:\/\/hormigaradio.com\/index.php?rest_route=\/wp\/v2\/users\/3"}],"replies":[{"embeddable":true,"href":"https:\/\/hormigaradio.com\/index.php?rest_route=%2Fwp%2Fv2%2Fcomments&post=21404"}],"version-history":[{"count":2,"href":"https:\/\/hormigaradio.com\/index.php?rest_route=\/wp\/v2\/posts\/21404\/revisions"}],"predecessor-version":[{"id":21408,"href":"https:\/\/hormigaradio.com\/index.php?rest_route=\/wp\/v2\/posts\/21404\/revisions\/21408"}],"wp:featuredmedia":[{"embeddable":true,"href":"https:\/\/hormigaradio.com\/index.php?rest_route=\/wp\/v2\/media\/21406"}],"wp:attachment":[{"href":"https:\/\/hormigaradio.com\/index.php?rest_route=%2Fwp%2Fv2%2Fmedia&parent=21404"}],"wp:term":[{"taxonomy":"category","embeddable":true,"href":"https:\/\/hormigaradio.com\/index.php?rest_route=%2Fwp%2Fv2%2Fcategories&post=21404"},{"taxonomy":"post_tag","embeddable":true,"href":"https:\/\/hormigaradio.com\/index.php?rest_route=%2Fwp%2Fv2%2Ftags&post=21404"}],"curies":[{"name":"wp","href":"https:\/\/api.w.org\/{rel}","templated":true}]}}