{"id":21413,"date":"2024-09-11T03:50:43","date_gmt":"2024-09-11T03:50:43","guid":{"rendered":"https:\/\/hormigaradio.com\/?p=21413"},"modified":"2024-09-11T03:52:16","modified_gmt":"2024-09-11T03:52:16","slug":"educacion-hace-levantamiento-para-aclarar-caso-nino-hirio-companero-con-tijera","status":"publish","type":"post","link":"https:\/\/hormigaradio.com\/?p=21413","title":{"rendered":"EDUCACI\u00d3N HACE LEVANTAMIENTO PARA ACLARAR CASO NI\u00d1O HIRI\u00d3 COMPA\u00d1ERO CON TIJERA"},"content":{"rendered":"<p>Por\u00a0<span class=\"name font-700\"><a title=\"M\u00e1ximo Laureano\" href=\"https:\/\/acento.com.do\/autor\/mlaureano.html\">M\u00e1ximo Laureano<\/a><\/span><\/p>\n<p>El encargado del Distrito Escolar 08-05 de Santiago, L\u00e1zaro Jim\u00e9nez, dijo que con relaci\u00f3n al incidente (pelea) de dos ni\u00f1os entre siete y nueve a\u00f1os de edad, en la escuela primaria Tel\u00e9sforo Reynoso, en el sector La Joya, se hace un levantamiento para aclarar el hecho, en el cual uno de los menores result\u00f3 con herida de tijera en un brazo.<\/p>\n<p>En informaciones ofrecidas a la redacci\u00f3n de www.acento.com.do en Santiago, Jim\u00e9nez dijo que se trata de dos ni\u00f1os que cursan el tercer grado de la formaci\u00f3n de primaria y que ambos est\u00e1n el misma sesi\u00f3n de trabajo.<\/p>\n<p>Seg\u00fan Jim\u00e9nez, el incidente se origin\u00f3 en una de las aulas, en momentos en que los alumnos discut\u00edan y uno de estos us\u00f3 la tijera y caus\u00f3 la herida a su compa\u00f1ero.<\/p>\n<p>A\u00fan se desconoce si el menor que us\u00f3 la tijera la ten\u00eda como parte de los accesorios docentes, para realizar alguna tarea, o con el fin de atacar a su compa\u00f1ero.<\/p>\n<p>\u201cEn primera instancia, lo que est\u00e1 haciendo el equipo de orientaci\u00f3n y sicolog\u00eda del distrito es viendo los pormenores que est\u00e1 emitiendo el centro, ver d\u00f3nde estuvo el descuido, si fue descuido, ver el tipo seguimiento\u201d, dijo el t\u00e9cnico docente.<\/p>\n<p>La situaci\u00f3n desat\u00f3 alarma entre los vecinos de la escuela Tel\u00e9sforo Reynoso, en sector La Joya, debido que fue necesario la intervenci\u00f3n del Sistema Nacional de Emergencia 911 para asistir al menor.<\/p>\n<p>Los padres que llegaron al centro tras el incidente exigieron a las autoridades mayor vigilancia y seguridad para que este tipo de evento no se repitan.<\/p>\n<p>Impactos: 32<\/p>","protected":false},"excerpt":{"rendered":"<p>Por\u00a0M\u00e1ximo Laureano El encargado del Distrito Escolar 08-05 de Santiago, L\u00e1zaro Jim\u00e9nez, dijo que con relaci\u00f3n al incidente (pelea) de dos ni\u00f1os entre siete<\/p>\n","protected":false},"author":3,"featured_media":21416,"comment_status":"closed","ping_status":"closed","sticky":false,"template":"","format":"standard","meta":[],"categories":[3],"tags":[],"_links":{"self":[{"href":"https:\/\/hormigaradio.com\/index.php?rest_route=\/wp\/v2\/posts\/21413"}],"collection":[{"href":"https:\/\/hormigaradio.com\/index.php?rest_route=\/wp\/v2\/posts"}],"about":[{"href":"https:\/\/hormigaradio.com\/index.php?rest_route=\/wp\/v2\/types\/post"}],"author":[{"embeddable":true,"href":"https:\/\/hormigaradio.com\/index.php?rest_route=\/wp\/v2\/users\/3"}],"replies":[{"embeddable":true,"href":"https:\/\/hormigaradio.com\/index.php?rest_route=%2Fwp%2Fv2%2Fcomments&post=21413"}],"version-history":[{"count":3,"href":"https:\/\/hormigaradio.com\/index.php?rest_route=\/wp\/v2\/posts\/21413\/revisions"}],"predecessor-version":[{"id":21417,"href":"https:\/\/hormigaradio.com\/index.php?rest_route=\/wp\/v2\/posts\/21413\/revisions\/21417"}],"wp:featuredmedia":[{"embeddable":true,"href":"https:\/\/hormigaradio.com\/index.php?rest_route=\/wp\/v2\/media\/21416"}],"wp:attachment":[{"href":"https:\/\/hormigaradio.com\/index.php?rest_route=%2Fwp%2Fv2%2Fmedia&parent=21413"}],"wp:term":[{"taxonomy":"category","embeddable":true,"href":"https:\/\/hormigaradio.com\/index.php?rest_route=%2Fwp%2Fv2%2Fcategories&post=21413"},{"taxonomy":"post_tag","embeddable":true,"href":"https:\/\/hormigaradio.com\/index.php?rest_route=%2Fwp%2Fv2%2Ftags&post=21413"}],"curies":[{"name":"wp","href":"https:\/\/api.w.org\/{rel}","templated":true}]}}