{"id":21462,"date":"2024-09-17T01:26:57","date_gmt":"2024-09-17T01:26:57","guid":{"rendered":"https:\/\/hormigaradio.com\/?p=21462"},"modified":"2024-09-17T01:29:51","modified_gmt":"2024-09-17T01:29:51","slug":"muere-uno-de-los-afectados-por-accidente-de-transito-en-circunvalacion-sur-santiago","status":"publish","type":"post","link":"https:\/\/hormigaradio.com\/?p=21462","title":{"rendered":"MUERE UNO DE LOS AFECTADOS POR ACCIDENTE DE TR\u00c1NSITO EN CIRCUNVALACI\u00d3N SUR SANTIAGO"},"content":{"rendered":"<p>Por\u00a0<span class=\"name font-700\"><a title=\"M\u00e1ximo Laureano\" href=\"https:\/\/acento.com.do\/autor\/mlaureano.html\">M\u00e1ximo Laureano<\/a><\/span><\/p>\n<p>Las autoridades del Hospital Regional Universitario Jos\u00e9 Mar\u00eda Cabral y B\u00e1ez confirmaron la muerte de\u00a0<strong>Francisco Reyes Hern\u00e1ndez<\/strong>, de 56 a\u00f1os de edad, uno de los afectados en el\u00a0<a href=\"https:\/\/acento.com.do\/actualidad\/al-menos-ocho-heridos-en-accidente-de-transito-en-santiago-9395196.html\">accidente de tr\u00e1nsito en la avenida Circunvalaci\u00f3n Sur<\/a>, pr\u00f3ximo al\u00a0<strong>Palacio de Justicia en Santiago<\/strong>.<\/p>\n<p>Manac\u00e9s Pe\u00f1a, director cl\u00ednico del Hospital Cabral y B\u00e1ez, dijo que, adem\u00e1s del paciente fallecido, otros dos afectados, identificados como Geremy Blanco, de 22 a\u00f1os, y Jos\u00e9 Luis Mart\u00ednez, de 28 a\u00f1os, est\u00e1n en condiciones estables con traumas leves.<\/p>\n<p>En relaci\u00f3n con los otros afectados en el accidente, estos habr\u00edan sido llevados para recibir atenci\u00f3n m\u00e9dica en centros de salud de administraci\u00f3n privada.<\/p>\n<p>Seg\u00fan el encargado regional de la Direcci\u00f3n General de Tr\u00e1nsito Terrestre\u00a0<strong>(Digeset)<\/strong>\u00a0en Santiago, Jorge Garc\u00eda Lebr\u00f3n, el accidente ocurri\u00f3 en horas de la madrugada, cuando el conductor de un veh\u00edculo todo terreno (yipeta) perdi\u00f3 el control e impact\u00f3 un carro del transporte urbano de la Ruta M, que cubre toda la avenida\u00a0<strong>Circunvalaci\u00f3n Sur<\/strong>.<\/p>\n<p>Impactos: 30<\/p>","protected":false},"excerpt":{"rendered":"<p>Por\u00a0M\u00e1ximo Laureano Las autoridades del Hospital Regional Universitario Jos\u00e9 Mar\u00eda Cabral y B\u00e1ez confirmaron la muerte de\u00a0Francisco Reyes Hern\u00e1ndez, de 56 a\u00f1os de edad,<\/p>\n","protected":false},"author":3,"featured_media":21464,"comment_status":"closed","ping_status":"closed","sticky":false,"template":"","format":"standard","meta":[],"categories":[3],"tags":[],"_links":{"self":[{"href":"https:\/\/hormigaradio.com\/index.php?rest_route=\/wp\/v2\/posts\/21462"}],"collection":[{"href":"https:\/\/hormigaradio.com\/index.php?rest_route=\/wp\/v2\/posts"}],"about":[{"href":"https:\/\/hormigaradio.com\/index.php?rest_route=\/wp\/v2\/types\/post"}],"author":[{"embeddable":true,"href":"https:\/\/hormigaradio.com\/index.php?rest_route=\/wp\/v2\/users\/3"}],"replies":[{"embeddable":true,"href":"https:\/\/hormigaradio.com\/index.php?rest_route=%2Fwp%2Fv2%2Fcomments&post=21462"}],"version-history":[{"count":1,"href":"https:\/\/hormigaradio.com\/index.php?rest_route=\/wp\/v2\/posts\/21462\/revisions"}],"predecessor-version":[{"id":21463,"href":"https:\/\/hormigaradio.com\/index.php?rest_route=\/wp\/v2\/posts\/21462\/revisions\/21463"}],"wp:featuredmedia":[{"embeddable":true,"href":"https:\/\/hormigaradio.com\/index.php?rest_route=\/wp\/v2\/media\/21464"}],"wp:attachment":[{"href":"https:\/\/hormigaradio.com\/index.php?rest_route=%2Fwp%2Fv2%2Fmedia&parent=21462"}],"wp:term":[{"taxonomy":"category","embeddable":true,"href":"https:\/\/hormigaradio.com\/index.php?rest_route=%2Fwp%2Fv2%2Fcategories&post=21462"},{"taxonomy":"post_tag","embeddable":true,"href":"https:\/\/hormigaradio.com\/index.php?rest_route=%2Fwp%2Fv2%2Ftags&post=21462"}],"curies":[{"name":"wp","href":"https:\/\/api.w.org\/{rel}","templated":true}]}}