{"id":21731,"date":"2024-10-08T02:58:01","date_gmt":"2024-10-08T02:58:01","guid":{"rendered":"https:\/\/hormigaradio.com\/?p=21731"},"modified":"2024-10-08T02:58:01","modified_gmt":"2024-10-08T02:58:01","slug":"tatis-denuncia-fue-sacado-del-padron-del-pld-pero-militantes-de-justicia-social-se-mantienen","status":"publish","type":"post","link":"https:\/\/hormigaradio.com\/?p=21731","title":{"rendered":"TATIS DENUNCIA FUE SACADO DEL PADR\u00d3N DEL PLD, PERO MILITANTES DE JUSTICIA SOCIAL SE MANTIENEN"},"content":{"rendered":"<p>Por\u00a0<span class=\"name font-700\"><a title=\"M\u00e1ximo Laureano\" href=\"https:\/\/acento.com.do\/autor\/mlaureano.html\">M\u00e1ximo Laureano<\/a><\/span><\/p>\n<p>El dirigente del\u00a0<strong>Partido de la Liberaci\u00f3n Dominicana<\/strong>\u00a0(<strong>PLD<\/strong>) en Santiago,\u00a0<strong>Jos\u00e9 Arturo Tatis<\/strong>, denunci\u00f3 que dirigentes que renunciaron a la organizaci\u00f3n morada y que se fueron al partido\u00a0<strong>Justicia Social<\/strong>\u00a0(JS) siguen en el padr\u00f3n de su antiguo partido, mientras que tanto \u00e9l como su esposa fueron excluidos.<\/p>\n<p><strong>Tatis,<\/strong>\u00a0quien en noviembre del 2022 dijo que el\u00a0<strong>PLD<\/strong>\u00a0era una especie de industria que &#8220;no la debilitaba nada, ni nadie&#8221;, denunci\u00f3 que tanto \u00e9l como su compa\u00f1era, Mar\u00eda del Carmen D\u00edaz de Tatis, integrante del Comit\u00e9 Central y exregidora, han sido sacados del padr\u00f3n su partido sin que se les de una explicaci\u00f3n.<\/p>\n<p>En ese sentido, el expresidente del Comit\u00e9 Provincial del\u00a0<strong>PLD<\/strong>\u00a0envi\u00f3 una comunicaci\u00f3n dirigida a los dirigentes\u00a0<strong>Cristina Lizardo<\/strong>, coordinadora de la Comisi\u00f3n Organizadora del X Congreso; a Mayobanex Escoto, secretario de organizaci\u00f3n; Tommy Gal\u00e1n, secretario de asuntos electorales; Charle Mariotti, secretario general del\u00a0<strong>PLD,<\/strong>\u00a0y Tony Capell\u00e1n, enlace del Comit\u00e9 Pol\u00edtico con Santiago, para que se analice la situaci\u00f3n.<\/p>\n<p><iframe loading=\"lazy\" src=\"https:\/\/drive.google.com\/file\/d\/12RyddoG8FZY0ZHNsUMEC-Qo6eDCkVwo5\/preview\" width=\"640\" height=\"480\" data-mce-fragment=\"1\"><\/iframe><\/p>\n<p>En la carta,\u00a0<strong>Tatis<\/strong>\u00a0resalta los nombre de varios exdirigentes peledeistas que siguen el padr\u00f3n y que hoy son de la dirigencia del partido JS, como es el caso de Jos\u00e9 de la Cruz, que es parte de la direcci\u00f3n pol\u00edtica de la organizaci\u00f3n fundada por el exsenador de Santiago,\u00a0<strong>Julio C\u00e9sar Valent\u00edn Jimini\u00e1n<\/strong>, actual superintendente de Seguros.<\/p>\n<p>Otros nombres resaltados por\u00a0<strong>Tatis<\/strong>\u00a0son los de Marcelina Henr\u00edquez Garc\u00eda, Delirson Puntier Morales, Ram\u00f3n Alejandro Pe\u00f1a Mart\u00ednez, Juan Patricio Puntier D\u00edaz y Nadia Faustina Henr\u00edquez.<\/p>\n<p>Consider\u00f3 que, tanto su traslado de comit\u00e9 de base en septiembre del 2023, como su reciente exclusi\u00f3n del padr\u00f3n, son una respuesta por sus posiciones y constante llamado a la renovaci\u00f3n del partido, sobre el cual ha dicho &#8220;abandon\u00f3 los principios de lucha social&#8221;.<\/p>\n<p>El mayo del 2024,\u00a0<strong>Tatis<\/strong>\u00a0hizo p\u00fablico un comunicado en el cual expuso cr\u00edticas a la direcci\u00f3n del partido morado tras las derrotas de las elecciones municipales y posteriormente las votaciones de legislativas y presidenciales.<\/p>\n<p>Impactos: 33<\/p>","protected":false},"excerpt":{"rendered":"<p>Por\u00a0M\u00e1ximo Laureano El dirigente del\u00a0Partido de la Liberaci\u00f3n Dominicana\u00a0(PLD) en Santiago,\u00a0Jos\u00e9 Arturo Tatis, denunci\u00f3 que dirigentes que renunciaron a la organizaci\u00f3n morada y que<\/p>\n","protected":false},"author":3,"featured_media":17283,"comment_status":"closed","ping_status":"closed","sticky":false,"template":"","format":"standard","meta":[],"categories":[6],"tags":[],"_links":{"self":[{"href":"https:\/\/hormigaradio.com\/index.php?rest_route=\/wp\/v2\/posts\/21731"}],"collection":[{"href":"https:\/\/hormigaradio.com\/index.php?rest_route=\/wp\/v2\/posts"}],"about":[{"href":"https:\/\/hormigaradio.com\/index.php?rest_route=\/wp\/v2\/types\/post"}],"author":[{"embeddable":true,"href":"https:\/\/hormigaradio.com\/index.php?rest_route=\/wp\/v2\/users\/3"}],"replies":[{"embeddable":true,"href":"https:\/\/hormigaradio.com\/index.php?rest_route=%2Fwp%2Fv2%2Fcomments&post=21731"}],"version-history":[{"count":1,"href":"https:\/\/hormigaradio.com\/index.php?rest_route=\/wp\/v2\/posts\/21731\/revisions"}],"predecessor-version":[{"id":21732,"href":"https:\/\/hormigaradio.com\/index.php?rest_route=\/wp\/v2\/posts\/21731\/revisions\/21732"}],"wp:featuredmedia":[{"embeddable":true,"href":"https:\/\/hormigaradio.com\/index.php?rest_route=\/wp\/v2\/media\/17283"}],"wp:attachment":[{"href":"https:\/\/hormigaradio.com\/index.php?rest_route=%2Fwp%2Fv2%2Fmedia&parent=21731"}],"wp:term":[{"taxonomy":"category","embeddable":true,"href":"https:\/\/hormigaradio.com\/index.php?rest_route=%2Fwp%2Fv2%2Fcategories&post=21731"},{"taxonomy":"post_tag","embeddable":true,"href":"https:\/\/hormigaradio.com\/index.php?rest_route=%2Fwp%2Fv2%2Ftags&post=21731"}],"curies":[{"name":"wp","href":"https:\/\/api.w.org\/{rel}","templated":true}]}}