{"id":21733,"date":"2024-10-08T02:59:55","date_gmt":"2024-10-08T02:59:55","guid":{"rendered":"https:\/\/hormigaradio.com\/?p=21733"},"modified":"2024-10-08T03:01:07","modified_gmt":"2024-10-08T03:01:07","slug":"unas-150-mil-personas-visitaron-expo-cibao-segun-organizadores","status":"publish","type":"post","link":"https:\/\/hormigaradio.com\/?p=21733","title":{"rendered":"UNAS 150 MIL PERSONAS VISITARON EXPO CIBAO, SEG\u00daN ORGANIZADORES"},"content":{"rendered":"<p>Por\u00a0<span class=\"name font-700\"><a title=\"M\u00e1ximo Laureano\" href=\"https:\/\/acento.com.do\/autor\/mlaureano.html\">M\u00e1ximo Laureano<\/a><\/span><\/p>\n<p>Unas 150 mil personas habr\u00edan asistido a la XXXVII Feria Expo Cibao, desarrollada del 2 al 6 de octubre en el espacio del Parque Central, seg\u00fan los datos de la C\u00e1mara de Comercio y Producci\u00f3n de Santiago.<\/p>\n<p>La feria, cobijada en el lema &#8220;Construyendo un mejor pa\u00eds entre todos&#8221;, acogi\u00f3 la representaci\u00f3n y muestras de 171 empresas, las cuales estuvieron en 370 m\u00f3dulos, desde donde exhibieron sus productos y ofertaron distintos servicios.<\/p>\n<figure class=\"no-caption\"><img class=\"i-amphtml-fill-content i-amphtml-replaced-content\" title=\"Unas-150-mil-personas-visitaron-Expo-Cibao-segun-organizadores-2-728x485\" src=\"https:\/\/media.acento.com.do\/media\/storage02\/uploads\/2024\/10\/Unas-150-mil-personas-visitaron-Expo-Cibao-segun-organizadores-2-728x485.webp\" alt=\"Unas-150-mil-personas-visitaron-Expo-Cibao-segun-organizadores-2-728x485\" \/><\/figure>\n<p>\u201cExpo Cibao 2024 fue un espacio que promovi\u00f3 la colaboraci\u00f3n, el emprendimiento y el desarrollo sostenible, con la participaci\u00f3n de empresas locales, nacionales e internacionales\u201d, refirieron los organizadores, representados por Carlos Iglesias, presidente de la C\u00e1mara de Comercio y Producci\u00f3n de Santiago.<\/p>\n<p>Destacaron que la versi\u00f3n 37 estuvo orientada a resaltar la importancia de la cooperaci\u00f3n entre los sectores p\u00fablico y privado para impulsar el crecimiento econ\u00f3mico y la construcci\u00f3n de un pa\u00eds m\u00e1s equitativo.<\/p>\n<p>\u201cExpo Cibao 2024 no solo fue un espacio de negocios y comercio, sino tambi\u00e9n un evento que logr\u00f3 rescatar tradiciones, como lo fue el regreso del \u00e1rea de ganader\u00eda. Los asistentes disfrutaron de una rica oferta gastron\u00f3mica, presentaciones art\u00edsticas, \u00e1reas instagrameables, para fotograf\u00edas y exposiciones de productos que resaltaron la capacidad de producci\u00f3n y fortaleza de la regi\u00f3n norte del pa\u00eds\u201d, manifestaron los organizadores del evento.<\/p>\n<figure class=\"no-caption\"><img class=\"i-amphtml-fill-content i-amphtml-replaced-content\" title=\"Unas-150-mil-personas-visitaron-Expo-Cibao-segun-organizadores-1-728x485\" src=\"https:\/\/media.acento.com.do\/media\/storage02\/uploads\/2024\/10\/Unas-150-mil-personas-visitaron-Expo-Cibao-segun-organizadores-1-728x485.webp\" alt=\"Unas-150-mil-personas-visitaron-Expo-Cibao-segun-organizadores-1-728x485\" \/><\/figure>\n<p>&nbsp;<\/p>\n<div class=\"banner-box\"><\/div>\n<div class=\"cont-tags\"><a class=\"tag\" title=\"camara de comercio\" href=\"https:\/\/acento.com.do\/tags\/?tag=camara-de-comercio\">C\u00e1mara de Comercio<\/a><a class=\"tag\" title=\"expo cibao\" href=\"https:\/\/acento.com.do\/tags\/?tag=expo-cibao\">Expo Cibao<\/a><\/div>\n<p>Impactos: 30<\/p>","protected":false},"excerpt":{"rendered":"<p>Por\u00a0M\u00e1ximo Laureano Unas 150 mil personas habr\u00edan asistido a la XXXVII Feria Expo Cibao, desarrollada del 2 al 6 de octubre en el espacio<\/p>\n","protected":false},"author":3,"featured_media":21735,"comment_status":"closed","ping_status":"closed","sticky":false,"template":"","format":"standard","meta":[],"categories":[3],"tags":[],"_links":{"self":[{"href":"https:\/\/hormigaradio.com\/index.php?rest_route=\/wp\/v2\/posts\/21733"}],"collection":[{"href":"https:\/\/hormigaradio.com\/index.php?rest_route=\/wp\/v2\/posts"}],"about":[{"href":"https:\/\/hormigaradio.com\/index.php?rest_route=\/wp\/v2\/types\/post"}],"author":[{"embeddable":true,"href":"https:\/\/hormigaradio.com\/index.php?rest_route=\/wp\/v2\/users\/3"}],"replies":[{"embeddable":true,"href":"https:\/\/hormigaradio.com\/index.php?rest_route=%2Fwp%2Fv2%2Fcomments&post=21733"}],"version-history":[{"count":1,"href":"https:\/\/hormigaradio.com\/index.php?rest_route=\/wp\/v2\/posts\/21733\/revisions"}],"predecessor-version":[{"id":21734,"href":"https:\/\/hormigaradio.com\/index.php?rest_route=\/wp\/v2\/posts\/21733\/revisions\/21734"}],"wp:featuredmedia":[{"embeddable":true,"href":"https:\/\/hormigaradio.com\/index.php?rest_route=\/wp\/v2\/media\/21735"}],"wp:attachment":[{"href":"https:\/\/hormigaradio.com\/index.php?rest_route=%2Fwp%2Fv2%2Fmedia&parent=21733"}],"wp:term":[{"taxonomy":"category","embeddable":true,"href":"https:\/\/hormigaradio.com\/index.php?rest_route=%2Fwp%2Fv2%2Fcategories&post=21733"},{"taxonomy":"post_tag","embeddable":true,"href":"https:\/\/hormigaradio.com\/index.php?rest_route=%2Fwp%2Fv2%2Ftags&post=21733"}],"curies":[{"name":"wp","href":"https:\/\/api.w.org\/{rel}","templated":true}]}}