{"id":21742,"date":"2024-10-09T02:48:08","date_gmt":"2024-10-09T02:48:08","guid":{"rendered":"https:\/\/hormigaradio.com\/?p=21742"},"modified":"2024-10-09T02:50:06","modified_gmt":"2024-10-09T02:50:06","slug":"la-acis-reunira-a-sus-miembros-para-discutir-impacto-reforma-fiscal","status":"publish","type":"post","link":"https:\/\/hormigaradio.com\/?p=21742","title":{"rendered":"LA ACIS REUNIR\u00c1 A SUS MIEMBROS PARA DISCUTIR IMPACTO REFORMA FISCAL"},"content":{"rendered":"<p>Por\u00a0<span class=\"name font-700\"><a title=\"M\u00e1ximo Laureano\" href=\"https:\/\/acento.com.do\/autor\/mlaureano.html\">M\u00e1ximo Laureano<\/a><\/span><\/p>\n<p>El presidente de la Asociaci\u00f3n de Comerciantes e Industriales\u00a0<strong>(ACIS), Sandy Filpo<\/strong>, anunci\u00f3 este martes que la instituci\u00f3n que representa, ha convocado a todos sus miembros, con el objetivo de discutir el impacto que tendr\u00eda en la reforma fiscal presentada ayer lunes por el Gobierno.<\/p>\n<p>En relaci\u00f3n al tema planteado el lunes por el presidente de la Rep\u00fablica,\u00a0<strong>Luis Abinader<\/strong>\u00a0y el ministro de\u00a0<strong>Hacienda,<\/strong>\u00a0Jos\u00e9 Manuel \u2013 Jochi \u2013 Vicente, Sandy Filpo, dijo que los asociados se reunir\u00e1n el pr\u00f3ximo viernes 11 de octubre con un equipo de t\u00e9cnicos y los diferentes sectores.<\/p>\n<p>\u201cHay sectores como el textil, construcci\u00f3n, turismo, cine, frontera, entre otros que han manifestado su inquietud a la\u00a0<strong>ACIS,<\/strong>\u00a0por el impacto que producir\u00e1 la reforma y es justo lo que vamos a discutir\u201d, dijo\u00a0<strong>Filpo<\/strong>\u00a0a la redacci\u00f3n de ACENTO en\u00a0<strong>Santiago de los Caballeros<\/strong>.<\/p>\n<p>Indic\u00f3 que la\u00a0<strong>ACIS,<\/strong>\u00a0como instituci\u00f3n que agrupa a sectores productivos, entiende que el pa\u00eds se encuentra en una posici\u00f3n privilegiada desde el punto de vista de la estabilidad econ\u00f3mica y social y es un activo que no se puede perder, por lo que el momento amerita de un sacrificio. Sin embargo, manifest\u00f3 que debe ser de todos los sectores de la vida nacional, incluyendo el Gobierno, sector privado y de la poblaci\u00f3n.<\/p>\n<p>El empresario agreg\u00f3 que entre los aspectos que preocupan con la entrada en vigencia de la reforma fiscal es que en el caso del sector de la Asociaci\u00f3n de Mayoristas en Provisiones (Amaprosan) y el Consejo Nacional de Provisiones) no se contempla una soluci\u00f3n para los niveles altos de facturaci\u00f3n y el diminuto margen, lo cual, se entiende, &#8220;se le buscar\u00eda una soluci\u00f3n&#8221; a la reforma que se propone.<\/p>\n<p>Impactos: 34<\/p>","protected":false},"excerpt":{"rendered":"<p>Por\u00a0M\u00e1ximo Laureano El presidente de la Asociaci\u00f3n de Comerciantes e Industriales\u00a0(ACIS), Sandy Filpo, anunci\u00f3 este martes que la instituci\u00f3n que representa, ha convocado a<\/p>\n","protected":false},"author":3,"featured_media":21744,"comment_status":"closed","ping_status":"closed","sticky":false,"template":"","format":"standard","meta":[],"categories":[3],"tags":[],"_links":{"self":[{"href":"https:\/\/hormigaradio.com\/index.php?rest_route=\/wp\/v2\/posts\/21742"}],"collection":[{"href":"https:\/\/hormigaradio.com\/index.php?rest_route=\/wp\/v2\/posts"}],"about":[{"href":"https:\/\/hormigaradio.com\/index.php?rest_route=\/wp\/v2\/types\/post"}],"author":[{"embeddable":true,"href":"https:\/\/hormigaradio.com\/index.php?rest_route=\/wp\/v2\/users\/3"}],"replies":[{"embeddable":true,"href":"https:\/\/hormigaradio.com\/index.php?rest_route=%2Fwp%2Fv2%2Fcomments&post=21742"}],"version-history":[{"count":1,"href":"https:\/\/hormigaradio.com\/index.php?rest_route=\/wp\/v2\/posts\/21742\/revisions"}],"predecessor-version":[{"id":21743,"href":"https:\/\/hormigaradio.com\/index.php?rest_route=\/wp\/v2\/posts\/21742\/revisions\/21743"}],"wp:featuredmedia":[{"embeddable":true,"href":"https:\/\/hormigaradio.com\/index.php?rest_route=\/wp\/v2\/media\/21744"}],"wp:attachment":[{"href":"https:\/\/hormigaradio.com\/index.php?rest_route=%2Fwp%2Fv2%2Fmedia&parent=21742"}],"wp:term":[{"taxonomy":"category","embeddable":true,"href":"https:\/\/hormigaradio.com\/index.php?rest_route=%2Fwp%2Fv2%2Fcategories&post=21742"},{"taxonomy":"post_tag","embeddable":true,"href":"https:\/\/hormigaradio.com\/index.php?rest_route=%2Fwp%2Fv2%2Ftags&post=21742"}],"curies":[{"name":"wp","href":"https:\/\/api.w.org\/{rel}","templated":true}]}}