{"id":21747,"date":"2024-10-09T02:56:14","date_gmt":"2024-10-09T02:56:14","guid":{"rendered":"https:\/\/hormigaradio.com\/?p=21747"},"modified":"2024-10-09T02:57:58","modified_gmt":"2024-10-09T02:57:58","slug":"21747","status":"publish","type":"post","link":"https:\/\/hormigaradio.com\/?p=21747","title":{"rendered":"GOBIERNO EXPLICA ALCANCE Y BENEFICIOS DEL PROYECTO DE MODERNIZACI\u00d3N FISCAL"},"content":{"rendered":"<p><img loading=\"lazy\" class=\"alignnone wp-image-15152\" src=\"http:\/\/hormigaradio.com\/wp-content\/uploads\/2022\/01\/FIRMA-para-Hormiga-Radio-300x158.jpeg\" alt=\"\" width=\"80\" height=\"42\" \/><\/p>\n<p>El Gobierno dominicano explic\u00f3 los alcances y beneficios del proyecto de modernizaci\u00f3n fiscal, presentado este lunes en el encuentro LA Semanal que sostiene el presidente Luis Abinader con los medios de comunicaci\u00f3n.<\/p>\n<p>Durante una entrevista en El Gobierno de la Ma\u00f1ana, el ministro de Econom\u00eda, Planificaci\u00f3n y Desarrollo, Pavel Isa Contreras, asegur\u00f3 que la propuesta de reforma fiscal que promueve el Gobierno procura pagar deuda a la sociedad dominicana para transformar el crecimiento en calidad de vida para los que menos tienen.<\/p>\n<p>\u201cDonde debemos de partir dada la redundancia es que esta sociedad dominicana y su liderazgo econ\u00f3mico, pol\u00edtico y social tiene una deuda con este pueblo y esa deuda es transformar crecimiento en calidad de vida, fortalecer esa relaci\u00f3n. Necesitamos que el crecimiento impacte la vida de todos y de todas, especialmente de la gente que menos tiene\u201d, afirm\u00f3 Isa Contreras<\/p>\n<p>Sostuvo que la fiscalidad es como un serrucho donde todos nos ponemos de acuerdo en que colectivamente, debemos enfrentar los problemas que tiene el pa\u00eds.<\/p>\n<p>\u201cEstos son los problemas que tenemos que enfrentar colectivamente y que no los podemos resolver individualmente. O si tratamos de resolverlos individualmente como lo estamos haciendo, especialmente los sectores medios, solo lo pueden hacer lo que tienen m\u00e1s recursos\u201d, dijo.<\/p>\n<p>Promover el desarrollo pleno del pa\u00eds y fortalecer la econom\u00eda a largo plazo<\/p>\n<p>En tanto que, durante una entrevista en el programa radial El Sol de la Ma\u00f1ana, el ministro de Hacienda, Jos\u00e9 Manuel (Jochi) Vicente, explic\u00f3 los objetivos y beneficios del proyecto de modernizaci\u00f3n fiscal donde destac\u00f3 que esta no tiene como fin afectar a ning\u00fan sector, sino promover el desarrollo pleno del pa\u00eds y fortalecer la econom\u00eda a largo plazo.<\/p>\n<figure id=\"attachment_21748\" aria-describedby=\"caption-attachment-21748\" style=\"width: 715px\" class=\"wp-caption alignnone\"><img loading=\"lazy\" class=\"wp-image-21748 size-large\" src=\"http:\/\/hormigaradio.com\/wp-content\/uploads\/2024\/10\/WhatsApp-Image-2024-10-08-at-2.50.30-PM-1024x683.jpeg\" alt=\"\" width=\"715\" height=\"477\" srcset=\"https:\/\/hormigaradio.com\/wp-content\/uploads\/2024\/10\/WhatsApp-Image-2024-10-08-at-2.50.30-PM-1024x683.jpeg 1024w, https:\/\/hormigaradio.com\/wp-content\/uploads\/2024\/10\/WhatsApp-Image-2024-10-08-at-2.50.30-PM-300x200.jpeg 300w, https:\/\/hormigaradio.com\/wp-content\/uploads\/2024\/10\/WhatsApp-Image-2024-10-08-at-2.50.30-PM-768x512.jpeg 768w, https:\/\/hormigaradio.com\/wp-content\/uploads\/2024\/10\/WhatsApp-Image-2024-10-08-at-2.50.30-PM.jpeg 1170w\" sizes=\"(max-width: 715px) 100vw, 715px\" \/><figcaption id=\"caption-attachment-21748\" class=\"wp-caption-text\"><em><strong>Jochy Vicente.<\/strong><\/em><\/figcaption><\/figure>\n<p>Vicente aclar\u00f3 que esta reforma se enmarca en el segundo mandato del presidente Abinader, y a diferencia de reformas anteriores, no est\u00e1 dise\u00f1ada para beneficiar \u00fanicamente a la actual gesti\u00f3n.<\/p>\n<p>\u201cTenemos un presidente que ha declarado, y se est\u00e1 viendo, que no tiene inter\u00e9s en la reelecci\u00f3n\u201d, subray\u00f3 el ministro, a\u00f1adiendo que el enfoque es a largo plazo, buscando un impacto positivo duradero en la poblaci\u00f3n.<\/p>\n<p>Explic\u00f3 que el proyecto contempla diversas medidas para mejorar la calidad de vida de los ciudadanos entre las que se destaca el aumento del presupuesto para la seguridad ciudadana, con el cual se busca reducir los \u00edndices de criminalidad mediante un fortalecimiento de la Polic\u00eda Nacional y las Fuerzas Armadas.<\/p>\n<p>Asimismo, dijo, se proyectan inversiones en infraestructura vial para aliviar la congesti\u00f3n vehicular, lo que tendr\u00e1 un impacto directo en el bienestar econ\u00f3mico de la poblaci\u00f3n.<\/p>\n<p>Vicente tambi\u00e9n destac\u00f3 que las asignaciones a los ayuntamientos se incrementar\u00e1n en un 50%, lo que permitir\u00e1 mejorar los servicios de limpieza y, en consecuencia, reducir problemas de salud p\u00fablica, como la incidencia del dengue.<\/p>\n<p>Proyecto de modernizaci\u00f3n fiscal busca impactar de manera positiva a la Republica Dominicana<\/p>\n<p>Tambi\u00e9n, el ministro de Administraci\u00f3n P\u00fablica, Sigmund Freund Mena, explic\u00f3 en el programa radial El Gobierno de la Ma\u00f1ana, que el proyecto de modernizaci\u00f3n fiscal busca impactar de manera positiva a la Republica Dominicana y a los sectores m\u00e1s necesitados con la finalidad de recaudar o generar m\u00e1s recursos para hacer inversi\u00f3n en proyectos, infraestructuras y \u00e1reas sensibles que el pa\u00eds est\u00e1 necesitando.<\/p>\n<p>Resalt\u00f3 que el mandatario ha demostrado la determinaci\u00f3n, el coraje y la valent\u00eda que ning\u00fan otro gobernante en la Rep\u00fablica Dominicana hab\u00eda hecho.<\/p>\n<p>\u201cDesde el a\u00f1o 2012, la Ley de Estrategia y Desarrollo Nacional establec\u00eda la obligatoriedad del Pacto Fiscal y nosotros 12 a\u00f1os tuvimos que esperar porque ninguno de los gobiernos anteriores se hab\u00eda decidido a tomar esta decisi\u00f3n y el presidente as\u00ed lo hizo y eso solamente puede ser sobre la banda de un presidente que tiene la visi\u00f3n, que tiene un compromiso con la sociedad dominicana de mejorar los servicios p\u00fablicos\u201d, expres\u00f3 Freund Mena.<\/p>\n<p><strong>Poblaci\u00f3n dominicana va a tener un aliciente.<\/strong><\/p>\n<p>De igual forma, el director general de Impuestos Internos (DGII), Luis Valdez, dijo que la reforma fiscal no se trata de que est\u00e9 en contra de nadie ni de ning\u00fan sector, sino a favor de la Rep\u00fablica Dominicana.<\/p>\n<p>\u201cNosotros hemos venido como pa\u00eds haciendo parches, un parche tras otro de manera tributaria y ahora de lo que se trata es de que el pa\u00eds se alinee en las necesidades perentorias que ha tenido por d\u00e9cadas, no solamente por la Ley de la Estrategia Nacional de Desarrollo, sino porque no es verdad que nosotros podemos seguir manteniendo un presupuesto con d\u00e9ficit de un 3% o un 3.1% todos los a\u00f1os. Es imposible mantener esto solamente con financiamiento\u201d, explic\u00f3 Valdez.<\/p>\n<p>Dijo que, aunque con este proyecto de ley de modernizaci\u00f3n fiscal no se va a resolver el 3.1% del d\u00e9ficit ya que persigue el 1.5%, la poblaci\u00f3n dominicana va a tener un aliciente.<\/p>\n<p>El director de la DGII habl\u00f3 de los 4 ejes principales de la reforma fiscal impulsado por el gobierno, donde ser\u00e1n invertidos los recursos que provengan de esta modernizaci\u00f3n fiscal. \u201cLos 4 ejes son: Protecci\u00f3n Social; Programa de Inversi\u00f3n P\u00fablica y Gastos Priorizados; Reglas iguales para todos y Persecuci\u00f3n de Evasi\u00f3n Fiscal y Modernizaci\u00f3n del Sistema Tributario.<\/p>\n<p>Primera propuesta en la historia econ\u00f3mica del pa\u00eds que presenta elementos progresivos<\/p>\n<p>Del mismo modo, el director general de Aduanas (DGA), Eduardo (Yayo) Sanz Lovat\u00f3n, dijo que es la primera vez que en el pa\u00eds se presenta una propuesta de reforma fiscal con elementos progresivos.<\/p>\n<p>Record\u00f3 que el hist\u00f3rico de reformas tributarias de la Rep\u00fablica Dominicana lo \u00fanico que hac\u00eda era expandir el Impuesto de Bienes Industrializados y de Servicios (ITBIS).<\/p>\n<p>El funcionario manifest\u00f3 que esta propuesta de modernizaci\u00f3n fiscal es no dejar a nadie atr\u00e1s. Tambi\u00e9n dijo que, aunque la reforma puede tener defectos, puede tener oportunidad de mejoras. \u201cEs la primera propuesta en la historia econ\u00f3mica de la Rep\u00fablica Dominicana que presenta elementos progresivos\u201d.<\/p>\n<p>Destac\u00f3 que el Gobierno dominicano con la propuesta de reforma fiscal est\u00e1 pidiendo a los dominicanos de mayores recursos econ\u00f3micos que contribuyan a mejorar el sistema tributario dominicano. Asimismo, dijo que con esta reforma fiscal el presidente Luis Abinader busca dejar un legado para que la sociedad dominicana pueda disfrutar por d\u00e9cadas por venir.<\/p>\n<p><strong>Inversi\u00f3n de los recursos en salud.<\/strong><\/p>\n<p>Adem\u00e1s, el ministro de Salud P\u00fablica, V\u00edctor Atallah, expuso en El de la Ma\u00f1ana que se va a destinar una parte importante de recursos de esta reforma para la promoci\u00f3n y creaci\u00f3n de un sistema de atenci\u00f3n en la cual se va a incorporar a trav\u00e9s de cobertura totalmente gratuita a todo el r\u00e9gimen subsidiado, es decir, 6 millones de personas que de manera escalonada se van a ir incorporando.<\/p>\n<p>Y agreg\u00f3: \u201cUna parte importante de esos recursos va a ser para cubrir la PER c\u00e1pita y la segunda parte, a media que vamos incorporando a las personas, en invertir parte de esos recursos en la conformaci\u00f3n, modernizaci\u00f3n y construcci\u00f3n de Centros de Atenci\u00f3n Primaria\u201d.<\/p>\n<p>\u201cDesde que iniciamos el gobierno nos enfrascamos en la promoci\u00f3n de la Atenci\u00f3n Primaria en salud. &#8220;Un peso que se invierta en Atenci\u00f3n Primaria reduce en un 67% las enfermedades y los gastos de salud y devuelve 21 pesos en econom\u00eda de salud. No hay inversi\u00f3n m\u00e1s importante que la prevenci\u00f3n, debemos apostar a la prevenci\u00f3n, a que el paciente no llegue a complicarse y para all\u00e1 vamos&#8221;.<\/p>\n<p>Importancia de la modernizaci\u00f3n fiscal para el desarrollo econ\u00f3mico de RD<\/p>\n<p>En su participaci\u00f3n en el panel del programa radial El Sol de la Ma\u00f1ana, el director ejecutivo del Instituto Nacional de Aguas Potables y Alcantarillados (INAPA), Wellington Arnaud, afirm\u00f3 que la modernizaci\u00f3n fiscal es un paso necesario para impulsar el desarrollo de la Rep\u00fablica Dominicana, con el objetivo de duplicar el Producto Interno Bruto (PIB) para el a\u00f1o 2036.<\/p>\n<p>Arnaud destac\u00f3 que la reforma fiscal, la cual debi\u00f3 entrar en vigor el 1 de enero de 2015, estuvo retrasada por nueve a\u00f1os y dijo que, este ajuste era necesario para mejorar las finanzas p\u00fablicas y asegurar el crecimiento sostenible del pa\u00eds.<\/p>\n<p>Asimismo, mencion\u00f3 que durante los \u00faltimos cuatro a\u00f1os de la administraci\u00f3n del presidente Luis Abinader se han observado avances claros en la eficientizaci\u00f3n del gasto p\u00fablico. \u201cPodemos afirmar que el proceso presupuestario de la Rep\u00fablica Dominicana est\u00e1 catalogado hoy d\u00eda el primero en Am\u00e9rica Latina en cuanto a participaci\u00f3n ciudadana y formulaci\u00f3n del presupuesto, y el segundo en cuanto a transparencia\u201d.<\/p>\n<p>El director de INAPA indic\u00f3, que para el a\u00f1o 2025 reducir\u00e1 en casi 10 mil millones de pesos la transferencia para gastos corrientes de las instituciones p\u00fablicas no financieras.<\/p>\n<p>Impactos: 37<\/p>","protected":false},"excerpt":{"rendered":"<p>El Gobierno dominicano explic\u00f3 los alcances y beneficios del proyecto de modernizaci\u00f3n fiscal, presentado este lunes en el encuentro LA Semanal que sostiene el<\/p>\n","protected":false},"author":3,"featured_media":21748,"comment_status":"closed","ping_status":"closed","sticky":false,"template":"","format":"standard","meta":[],"categories":[3],"tags":[],"_links":{"self":[{"href":"https:\/\/hormigaradio.com\/index.php?rest_route=\/wp\/v2\/posts\/21747"}],"collection":[{"href":"https:\/\/hormigaradio.com\/index.php?rest_route=\/wp\/v2\/posts"}],"about":[{"href":"https:\/\/hormigaradio.com\/index.php?rest_route=\/wp\/v2\/types\/post"}],"author":[{"embeddable":true,"href":"https:\/\/hormigaradio.com\/index.php?rest_route=\/wp\/v2\/users\/3"}],"replies":[{"embeddable":true,"href":"https:\/\/hormigaradio.com\/index.php?rest_route=%2Fwp%2Fv2%2Fcomments&post=21747"}],"version-history":[{"count":3,"href":"https:\/\/hormigaradio.com\/index.php?rest_route=\/wp\/v2\/posts\/21747\/revisions"}],"predecessor-version":[{"id":21751,"href":"https:\/\/hormigaradio.com\/index.php?rest_route=\/wp\/v2\/posts\/21747\/revisions\/21751"}],"wp:featuredmedia":[{"embeddable":true,"href":"https:\/\/hormigaradio.com\/index.php?rest_route=\/wp\/v2\/media\/21748"}],"wp:attachment":[{"href":"https:\/\/hormigaradio.com\/index.php?rest_route=%2Fwp%2Fv2%2Fmedia&parent=21747"}],"wp:term":[{"taxonomy":"category","embeddable":true,"href":"https:\/\/hormigaradio.com\/index.php?rest_route=%2Fwp%2Fv2%2Fcategories&post=21747"},{"taxonomy":"post_tag","embeddable":true,"href":"https:\/\/hormigaradio.com\/index.php?rest_route=%2Fwp%2Fv2%2Ftags&post=21747"}],"curies":[{"name":"wp","href":"https:\/\/api.w.org\/{rel}","templated":true}]}}