{"id":21758,"date":"2024-10-10T15:12:11","date_gmt":"2024-10-10T15:12:11","guid":{"rendered":"https:\/\/hormigaradio.com\/?p=21758"},"modified":"2024-10-10T15:12:55","modified_gmt":"2024-10-10T15:12:55","slug":"ulises-rodriguez-dice-que-los-recursos-de-la-reforma-fiscal-mejoraran-la-calidad-de-vida-del-pueblo","status":"publish","type":"post","link":"https:\/\/hormigaradio.com\/?p=21758","title":{"rendered":"ULISES RODR\u00cdGUEZ DICE QUE LOS RECURSOS DE LA REFORMA FISCAL MEJORAR\u00c1N LA CALIDAD DE VIDA DEL PUEBLO"},"content":{"rendered":"<p><img loading=\"lazy\" class=\"alignnone wp-image-15152\" src=\"http:\/\/hormigaradio.com\/wp-content\/uploads\/2022\/01\/FIRMA-para-Hormiga-Radio-300x158.jpeg\" alt=\"\" width=\"80\" height=\"42\" \/><\/p>\n<p>El alcalde de Santiago, Ulises Rodr\u00edguez, resalt\u00f3 este jueves que los recursos de la Ley de Reforma Fiscal, que el gobierno destinar\u00e1 a mejorar la seguridad ciudadana, la salud p\u00fablica y los ayuntamientos, tendr\u00e1n un impacto directo en la calidad de vida del pueblo.<\/p>\n<p>\u201cLos recursos de la Ley de Modernizaci\u00f3n Fiscal inyectar\u00e1n fondos para mejorar el trabajo de la Polic\u00eda Nacional, incrementar la atenci\u00f3n primaria en salud y contribuir\u00e1n a que los gobiernos locales optimicemos la recogida de residuos s\u00f3lidos y otros servicios, lo cual redundar\u00e1 en beneficio de la gente\u201d, dijo el alcalde de la segunda capital del pa\u00eds.<\/p>\n<p>Rodr\u00edguez subray\u00f3 que, como han expuesto destacados economistas, la propuesta de reforma fiscal sometida por el presidente Luis Abinader al Congreso tambi\u00e9n dar\u00e1 sostenibilidad a la econom\u00eda nacional, ayudando a reducir el endeudamiento y fortaleciendo al Banco Central.<\/p>\n<p>Consider\u00f3 normal que algunos sectores expresen reclamos sobre la reforma, pero expres\u00f3 su confianza en que habr\u00e1 una concertaci\u00f3n favorable para todos.<\/p>\n<p>Afirm\u00f3 que la dedicaci\u00f3n, la integridad y la responsabilidad del liderazgo del presidente Abinader deben ser apoyadas por todos, ya que es momento de decidir si impulsamos un modelo de desarrollo vigoroso o si nos quedamos atrapados en los antiguos d\u00e9ficits y rezagos que han impedido al pa\u00eds dar un salto cualitativo y cuantitativo hacia el desarrollo.<\/p>\n<p>Impactos: 31<\/p>","protected":false},"excerpt":{"rendered":"<p>El alcalde de Santiago, Ulises Rodr\u00edguez, resalt\u00f3 este jueves que los recursos de la Ley de Reforma Fiscal, que el gobierno destinar\u00e1 a mejorar<\/p>\n","protected":false},"author":3,"featured_media":21603,"comment_status":"closed","ping_status":"closed","sticky":false,"template":"","format":"standard","meta":[],"categories":[3],"tags":[],"_links":{"self":[{"href":"https:\/\/hormigaradio.com\/index.php?rest_route=\/wp\/v2\/posts\/21758"}],"collection":[{"href":"https:\/\/hormigaradio.com\/index.php?rest_route=\/wp\/v2\/posts"}],"about":[{"href":"https:\/\/hormigaradio.com\/index.php?rest_route=\/wp\/v2\/types\/post"}],"author":[{"embeddable":true,"href":"https:\/\/hormigaradio.com\/index.php?rest_route=\/wp\/v2\/users\/3"}],"replies":[{"embeddable":true,"href":"https:\/\/hormigaradio.com\/index.php?rest_route=%2Fwp%2Fv2%2Fcomments&post=21758"}],"version-history":[{"count":1,"href":"https:\/\/hormigaradio.com\/index.php?rest_route=\/wp\/v2\/posts\/21758\/revisions"}],"predecessor-version":[{"id":21759,"href":"https:\/\/hormigaradio.com\/index.php?rest_route=\/wp\/v2\/posts\/21758\/revisions\/21759"}],"wp:featuredmedia":[{"embeddable":true,"href":"https:\/\/hormigaradio.com\/index.php?rest_route=\/wp\/v2\/media\/21603"}],"wp:attachment":[{"href":"https:\/\/hormigaradio.com\/index.php?rest_route=%2Fwp%2Fv2%2Fmedia&parent=21758"}],"wp:term":[{"taxonomy":"category","embeddable":true,"href":"https:\/\/hormigaradio.com\/index.php?rest_route=%2Fwp%2Fv2%2Fcategories&post=21758"},{"taxonomy":"post_tag","embeddable":true,"href":"https:\/\/hormigaradio.com\/index.php?rest_route=%2Fwp%2Fv2%2Ftags&post=21758"}],"curies":[{"name":"wp","href":"https:\/\/api.w.org\/{rel}","templated":true}]}}