{"id":21884,"date":"2024-10-24T13:13:14","date_gmt":"2024-10-24T13:13:14","guid":{"rendered":"https:\/\/hormigaradio.com\/?p=21884"},"modified":"2024-10-24T13:15:48","modified_gmt":"2024-10-24T13:15:48","slug":"pimentel-designado-en-alianzas-publico-privadas-sin-dejar-contrataciones","status":"publish","type":"post","link":"https:\/\/hormigaradio.com\/?p=21884","title":{"rendered":"PIMENTEL DESIGNADO EN ALIANZAS P\u00daBLICO-PRIVADAS SIN DEJAR CONTRATACIONES"},"content":{"rendered":"<figure><a title=\"Servicios de Acento.com.do\" href=\"https:\/\/acento.com.do\/autor\/servicios.html\"><img class=\"i-amphtml-fill-content i-amphtml-replaced-content\" src=\"https:\/\/media.acento.com.do\/media\/storage02\/uploads\/2023\/06\/Coverimage-user-1-50x50.webp\" alt=\"Servicios de Acento.com.do\" \/><\/a><\/figure>\n<div class=\"extra-holder\">\n<p>Por\u00a0<span class=\"name font-700\"><a title=\"Servicios de Acento.com.do\" href=\"https:\/\/acento.com.do\/autor\/servicios.html\">Servicios de Acento.com.do<\/a><\/span><\/p>\n<\/div>\n<p>El director de Compras y Contrataciones, Carlos Pimentel, a\u00f1ade a esas funciones las de director ejecutivo de Alianzas P\u00fablico-Privadas, seg\u00fan se lee en el decreto de nombramiento firmado por el presidente Luis Abinader.<\/p>\n<p>El Palacio Nacional destac\u00f3 que Abinader nombr\u00f3 a Pimentel en la nueva posici\u00f3n con el prop\u00f3sito de seguir dando eficiencia y fortalecer la transparencia en los procesos de contrataci\u00f3n bajo el modelo de alianzas p\u00fablico-privadas.<\/p>\n<p>Estas nuevas funciones se suman a las que ya ejerce al frente de la Direcci\u00f3n General de Contrataciones P\u00fablicas, cargo que de ahora en adelante desempe\u00f1ar\u00e1 de manera honor\u00edfica.<\/p>\n<p>El decreto establece que el funcionario dispondr\u00e1 de un a\u00f1o para presentar al Ejecutivo una &#8220;propuesta detallada&#8221; para la readecuaci\u00f3n estructural y normativa de la Direcci\u00f3n General de Contrataciones P\u00fablicas (DGCP) y de la Direcci\u00f3n General de Alianzas P\u00fablico-Privadas (DGAPP).<\/p>\n<p>Esta propuesta tendr\u00e1 como finalidad la optimizaci\u00f3n de los procesos operativos y regulatorios, alineando ambas instituciones bajo los objetivos estrat\u00e9gicos del Estado dominicano, a fin de garantizar la eficacia, transparencia y coherencia en la implementaci\u00f3n de las contrataciones p\u00fablicas y las alianzas p\u00fablico-privadas, precis\u00f3 la informaci\u00f3n.<\/p>\n<figure class=\"no-caption\"><img class=\"i-amphtml-fill-content i-amphtml-replaced-content\" title=\"WhatsApp-Image-2024-10-23-at-5.53.56-PM-524x728\" src=\"https:\/\/media.acento.com.do\/media\/storage02\/uploads\/2024\/10\/WhatsApp-Image-2024-10-23-at-5.53.56-PM-524x728.webp\" alt=\"WhatsApp-Image-2024-10-23-at-5.53.56-PM-524x728\" \/><\/figure>\n<p>&nbsp;<\/p>\n<div class=\"banner-box\"><\/div>\n<div class=\"cont-tags\"><a class=\"tag\" title=\"alianzas publico privadas\" href=\"https:\/\/acento.com.do\/tags\/?tag=alianzas-publico-privadas\">Alianzas p\u00fablico privadas<\/a><\/div>\n<p>Impactos: 34<\/p>","protected":false},"excerpt":{"rendered":"<p>Por\u00a0Servicios de Acento.com.do El director de Compras y Contrataciones, Carlos Pimentel, a\u00f1ade a esas funciones las de director ejecutivo de Alianzas P\u00fablico-Privadas, seg\u00fan se<\/p>\n","protected":false},"author":3,"featured_media":21886,"comment_status":"closed","ping_status":"closed","sticky":false,"template":"","format":"standard","meta":[],"categories":[3],"tags":[],"_links":{"self":[{"href":"https:\/\/hormigaradio.com\/index.php?rest_route=\/wp\/v2\/posts\/21884"}],"collection":[{"href":"https:\/\/hormigaradio.com\/index.php?rest_route=\/wp\/v2\/posts"}],"about":[{"href":"https:\/\/hormigaradio.com\/index.php?rest_route=\/wp\/v2\/types\/post"}],"author":[{"embeddable":true,"href":"https:\/\/hormigaradio.com\/index.php?rest_route=\/wp\/v2\/users\/3"}],"replies":[{"embeddable":true,"href":"https:\/\/hormigaradio.com\/index.php?rest_route=%2Fwp%2Fv2%2Fcomments&post=21884"}],"version-history":[{"count":1,"href":"https:\/\/hormigaradio.com\/index.php?rest_route=\/wp\/v2\/posts\/21884\/revisions"}],"predecessor-version":[{"id":21885,"href":"https:\/\/hormigaradio.com\/index.php?rest_route=\/wp\/v2\/posts\/21884\/revisions\/21885"}],"wp:featuredmedia":[{"embeddable":true,"href":"https:\/\/hormigaradio.com\/index.php?rest_route=\/wp\/v2\/media\/21886"}],"wp:attachment":[{"href":"https:\/\/hormigaradio.com\/index.php?rest_route=%2Fwp%2Fv2%2Fmedia&parent=21884"}],"wp:term":[{"taxonomy":"category","embeddable":true,"href":"https:\/\/hormigaradio.com\/index.php?rest_route=%2Fwp%2Fv2%2Fcategories&post=21884"},{"taxonomy":"post_tag","embeddable":true,"href":"https:\/\/hormigaradio.com\/index.php?rest_route=%2Fwp%2Fv2%2Ftags&post=21884"}],"curies":[{"name":"wp","href":"https:\/\/api.w.org\/{rel}","templated":true}]}}