{"id":219,"date":"2017-12-17T15:41:26","date_gmt":"2017-12-17T15:41:26","guid":{"rendered":"http:\/\/hormigaradio.com\/?p=219"},"modified":"2017-12-18T14:18:54","modified_gmt":"2017-12-18T14:18:54","slug":"parque-central-de-santiago-proyecto-que-involucra-decision-de-tres-presidentes-en-17-anos","status":"publish","type":"post","link":"https:\/\/hormigaradio.com\/?p=219","title":{"rendered":"Parque Central de Santiago: Proyecto que involucra decisi\u00f3n de tres presidentes en 17 a\u00f1os"},"content":{"rendered":"<p><a href=\"https:\/\/acento.com.do\/author\/mlaureano\/\">M\u00e1ximo Laureano<\/a><\/p>\n<p><a href=\"http:\/\/hormigaradio.com\/wp-content\/uploads\/2017\/12\/pcs-i.jpg\"><img loading=\"lazy\" class=\"size-medium wp-image-223 alignleft\" src=\"http:\/\/hormigaradio.com\/wp-content\/uploads\/2017\/12\/pcs-i-300x200.jpg\" alt=\"\" width=\"300\" height=\"200\" srcset=\"https:\/\/hormigaradio.com\/wp-content\/uploads\/2017\/12\/pcs-i-300x200.jpg 300w, https:\/\/hormigaradio.com\/wp-content\/uploads\/2017\/12\/pcs-i.jpg 700w\" sizes=\"(max-width: 300px) 100vw, 300px\" \/><\/a><\/p>\n<p class=\"m_299367696538511289gmail-MsoNormal\"><a href=\"https:\/\/es.wikipedia.org\/wiki\/Santiago_de_los_Caballeros\">SANTIAGO DE LOS CABALLEROS<\/a>.-Seg\u00fan datos del Consejo para del Desarrollo Estrat\u00e9gico de Santiago (CDES), en 2005, el Parque Central llevar\u00eda las \u00e1reas verdes de Santiago, de 1.1 % a 4 %, a 12 a\u00f1os del inicio formal de la ejecuci\u00f3n del proyecto, se \u00a0\u00a0estima que esta cifra podr\u00eda ser mayor, debido al crecimiento de la ciudad, que se aproxima al mill\u00f3n de habitantes.<!--more--><\/p>\n<p class=\"m_299367696538511289gmail-MsoNormal\">El proyecto ha caminado con altas y bajas, esc\u00e1ndalos, conflictos, enfrentamientos de sectores, dejades de los gobiernos y una larga espera de 17 a\u00f1os, de los santiagueros y santiagueras que anhelan un espacio p\u00fablico amplio y seguro para el especimiento.<\/p>\n<div class=\"the-content\">\n<p class=\"m_299367696538511289gmail-MsoNormal\">En este per\u00edodo\u00a0 los presidentes, Hip\u00f3lito Mej\u00eda 2000-2004 Leonel Fern\u00e1ndez Reyna 2004-2012 y Danilo Medina, gobernante desde 2012, han tomado decisiones en favor de la construcci\u00f3n del Parque Central, pero no han sido lo suficientemente diligentes, para una inversi\u00f3n, que en principio se estimaba en RD$ 700 millones y que para el 2010, las evaluaciones eran de\u00a0 sobre los 1, 200 millones. Ahora no hay cifras, seg\u00fan advierte Sa\u00fal Abreu, director ejecutivo de la Asociaci\u00f3n para el Desarrollo de Santiago (APEDI),\u00a0 \u00a0las cuentas de la construcci\u00f3n est\u00e1n a cargos de los ministerios de Obras P\u00fablicas y Medio Ambiente, no de la instituci\u00f3n que representa.<\/p>\n<p class=\"m_299367696538511289gmail-MsoNormal\">En los meses recientes \u00a0el proyecto Parque Central, ha sido centro de atenci\u00f3n, luego que se retomar\u00e1n los trabajos para la construcci\u00f3n del cerco que delimita la obra de los barrios vecino y el alcalde Abel Atahualpa Mart\u00ednez Dur\u00e1n paralizara los trabajos, el 17 de noviembre del 2017, con el alegato que se que no\u00a0 he tomado en cuenta la opini\u00f3n de las autoridades municipales. Mart\u00ednez tambi\u00e9n habr\u00eda alegado que los empresarios de Santiago, procuraban privatizar la obra y que una muestra de esto la construcci\u00f3n de muros.<\/p>\n<p class=\"m_299367696538511289gmail-MsoNormal\"><b>El primer conflicto<\/b><\/p>\n<p class=\"m_299367696538511289gmail-MsoNormal\">La acci\u00f3n desde la Alcald\u00eda, no es el primer \u00a0conflicto, entre los sectores involucrados en el proyecto del Parque Central, en 2005, tras un primer picazo, el 30 de marzo, encabezado por el presidente Leonel Fern\u00e1dez,\u00a0 los trabajos fueron paralizados, tras el esc\u00e1ndalo generado por \u00a0un contrato ajudicado a la decoradora y paisajista, Margarita G\u00f3mez, quien habr\u00eda ganado un concurso, presuntamente como participante \u00fanica, para asumir la arborizaci\u00f3n del especio, por un costo \u00a0de RD $416 millones 476 mil 991.00.<\/p>\n<p class=\"m_299367696538511289gmail-MsoNormal\">\u201cEn ese momento el proyecto concebido por los sectores de Santiago, como una de las obras\u00a0 m\u00e1s importantes, desde el punto de vista ambiental, fue paralizado, hasta que se retom\u00f3\u00a0 con el inici\u00f3 de\u00a0 la arborizaci\u00f3n en el a\u00f1o 2008\u201d, afirma Saul Abreu de la APEDI, instituci\u00f3n que tiene a su cargo la planificaci\u00f3n de proyecto y que dem\u00e1s administrar\u00e1 el Parque Central, en el cual se trabaja en la parte interna, la construci\u00f3n de un \u00e1rea infaltil y una verja que delimitar\u00e1 esta zona verde\u00a0 de los barrios El Ejido, Los Santos, Cecara y\u00a0 otras siete concrentraciones urbanas de los alrededores.<\/p>\n<p class=\"m_299367696538511289gmail-MsoNormal\"><b>Es una obra p\u00fablica\u00a0<img loading=\"lazy\" class=\"alignright wp-image-8517920\" src=\"https:\/\/acento.com.do\/wp-content\/uploads\/DSC_0066-4-700x467.jpg\" alt=\"\" width=\"449\" height=\"299\" \/><\/b><\/p>\n<p class=\"m_299367696538511289gmail-MsoNormal\">En medio del\u00a0 debate, intervinieron los ministerios de Medio Ambiente y Recursos Naturales y Obras P\u00fablicas, para hacer frente a \u00a0las denuncias hechas desde la Alcald\u00eda local y aclarar que hay varios decretos del Poder Ejecutivo, que amparan a estas instituciones para retomar los trabajos del parque.<\/p>\n<p class=\"m_299367696538511289gmail-MsoNormal\">Sa\u00fal Abreu, asegura que este espacio tendr\u00e1 un control para garantizar\u00a0 el buen funcionamiento y la participaci\u00f3n de\u00a0 todos los sectores y neg\u00f3 que\u00a0 haya las intenciones de privatizar el Parque Central,\u00a0 agreg\u00f3 que lejos de estas\u00a0 valoraciones infundadas de las autoridades municipales,\u00a0 los planes son\u00a0 crear un ambiente de armon\u00eda y recreaci\u00f3n familiar, en todos los\u00a0 \u00f3rdenes.<\/p>\n<p class=\"m_299367696538511289gmail-MsoNormal\">\u201cEn medio de todo este proceso se han dicho cosas que no se corresponde con la verdad, sobre todo, cosas que se reproducen en las redes sociales\u00a0 en las redes sociales, denuncias como que aqu\u00ed en el parque hay una cafeter\u00edas que es la m\u00e1s cara, pero \u00a0aqu\u00ed no hay cafeter\u00eda, aunque si se contempla un lugar donde la gente pueda\u00a0 tener esos servicios, no incluye bebidas alcoh\u00f3licas\u201d,\u00a0 afirm\u00f3 Abreu, quien convers\u00f3 con el equipo de\u00a0<a href=\"http:\/\/acento.com.do\/\" target=\"_blank\" rel=\"noopener\" data-saferedirecturl=\"https:\/\/www.google.com\/url?hl=es-419&amp;q=http:\/\/acento.com.do&amp;source=gmail&amp;ust=1513344387206000&amp;usg=AFQjCNFkhuqTj3WtZxIylDYOSvj6n83uOA\">acento.com.do<\/a>, sobre lo que ser\u00e1 la obra.<\/p>\n<p class=\"m_299367696538511289gmail-MsoNormal\">\u201cEl Parque Central de Santiago no es una obra cualquiera. Es una conquista ganada por toda la sociedad, \u00e1vida de espacios verdes para la recreaci\u00f3n, el esparcimiento y las actividades al aire libre\u201d, establece Nelson Bautista, ambientalista.<\/p>\n<p class=\"m_299367696538511289gmail-MsoNormal\">Bautista considera que la obra, representa un gran logro desde el punto de vista ecol\u00f3gico para la poblaci\u00f3n de Santiago, que ha esperado\u00a0 el parque por \u00a017 a\u00f1os.<\/p>\n<p class=\"m_299367696538511289gmail-MsoNormal\"><b>80 mil \u00e1rboles<\/b><\/p>\n<p class=\"m_299367696538511289gmail-MsoNormal\">Seg\u00fan los datos de la APEDI, en el parque se han plantado cerca de 80,000 \u00e1rboles de caoba criolla, caoba hondure\u00f1a, roble, cedro, grigri, sam\u00e1n, mara y ceiba, entre otras especies.<\/p>\n<p class=\"m_299367696538511289gmail-MsoNormal\">El parque tiene su entrada\u00a0 principal por la avenida Padres Las Casas,\u00a0 cuenta con una gran central,\u00a0 donde\u00a0 los usuarios podr\u00e1n caminar o montar bicicletas, ejercitarse, entre otras actividades. Es estos se suman que los \u00e1rboles sembrados desde hace 9 a\u00f1os, tienen el tama\u00f1o suficiente para garantizar el pulm\u00f3n ecol\u00f3gico que se procura.<\/p>\n<p class=\"m_299367696538511289gmail-MsoNormal\"><b>La\u00a0 Polic\u00eda no se va.\u00a0\u00a0<\/b>Uno de los aspectos en discusi\u00f3n alrededor del\u00a0 Parque Central, tiene que ver con la sede policial, instituci\u00f3n que nunca ha tenido casa propia en Santiago de los Caballeros y que est\u00e1 alojada en los\u00a0 terrenos del Parque Central, desde el 2002.\u00a0<img loading=\"lazy\" class=\"alignright wp-image-8517921\" src=\"https:\/\/acento.com.do\/wp-content\/uploads\/DSC_0029-1-700x467.jpg\" alt=\"\" width=\"407\" height=\"271\" \/><\/p>\n<p class=\"m_299367696538511289gmail-MsoNormal\">All\u00ed opera la Polic\u00eda en condiciones de hacinamiento, desde que desocupara la estructura que usaba, en la antigua base \u00e1rea, la cual se demoli\u00f3 para dar\u00a0 paso a la construcci\u00f3n del edificio\u00a0 de las oficinas del Sistema de Emergencias 9-1-1, que ocupa unos 14 mil metros cuadrados del terreno, seg\u00fan los datos de la APEDI.<\/p>\n<p class=\"m_299367696538511289gmail-MsoNormal\">\u201cLa Polic\u00eda no se va, hay un proyecto para construir la sede definitiva, en un espacio de 20 mil metros cuadrados, un espacio que se ha dejado para eso.\u201d,\u00a0 afirm\u00f3\u00a0 Sa\u00fal Abreu, agrega que esto garantiza la seguridad del parque.<\/p>\n<p class=\"m_299367696538511289gmail-MsoNormal\"><b>Parque Central paso a paso<\/b><\/p>\n<p class=\"m_299367696538511289gmail-MsoNormal\">La propuesta del Parque \u00a0que tiene un espacio de 400 mil metros cuadrados, empez\u00f3 a fraguarse, tras el traslado, el traslado del Aeropuerto Internacional del Cibao a la comunidad de Uveral en Licey al Medio, donde comenz\u00f3 a operar e mediado del 2002, con llegada de un vuelo de la l\u00ednea Aeromar, hoy desaparecida.<b><\/b><\/p>\n<p class=\"m_299367696538511289gmail-MsoNormal\"><b>La decisi\u00f3n de trasladar<\/b>\u00a0las operaciones del \u00a0Aeropuerto Cibao estuvo amparada en el decreto 185-00, del del 4 de mayo del 2000, esta decisi\u00f3n responsabilidad del presidente\u00a0 Hip\u00f3lito Mej\u00eda, marc\u00f3 el primer paso del proyecto.<b><\/b><\/p>\n<p class=\"m_299367696538511289gmail-MsoNormal\">La segunda decisi\u00f3n tambi\u00e9n iniciativa del presidente Mej\u00eda, fue la de\u00a0 crear en los terrenos del aeropuerto el Parque Central, esta\u00a0 propuesta qued\u00f3 acentada en el decreto \u00a0384-00 del 8 de agosto del 2000.<\/p>\n<p class=\"m_299367696538511289gmail-MsoNormal\">El decreto 126-01 del 23 de enero del 2001, cre\u00f3 el Patronato del Parque Central de Santiago.<\/p>\n<p class=\"m_299367696538511289gmail-MsoNormal\"><span lang=\"ES\">\u201cSe crea el Patronato Parque Central de Santiago, como organismo encargado de planificar y administrar toda el \u00e1rea donde actualmente se encuentra localizado el Aeropuerto Cibao, en la Avenida Bartolom\u00e9 Col\u00f3n, de la ciudad de Santiago, a los fines de poner en funcionamiento en esa \u00e1rea un parque que sirva de pulm\u00f3n ecol\u00f3gico, esparcimiento y recreaci\u00f3n,\u00a0<b>llamado Parque Central de Santiago<\/b>, una vez dicho aeropuerto sea trasladado a sus nuevas instalaciones\u201d, se lee en el art\u00edculo 01 del de este decreto.<\/span><\/p>\n<p class=\"m_299367696538511289gmail-MsoNormal\">El decrreto 533-02, autoriz\u00f3 al personal de la APEDI ocupar el edificio de la antigua terminal, mientras que\u00a0 el decreto presidencial 592-02 del 16 de julio del 2002, abri\u00f3 paso a nuevos miembros del patronato.\u00a0<img loading=\"lazy\" class=\"alignright wp-image-8517922\" src=\"https:\/\/acento.com.do\/wp-content\/uploads\/DSC_0023-4-700x467.jpg\" alt=\"\" width=\"438\" height=\"292\" \/><\/p>\n<p class=\"m_299367696538511289gmail-MsoNormal\">En 2002, el arquitecto Gustavo Mor\u00e9, gan\u00f3 el concurso para dise\u00f1ar el Parque Central, este contemplaba la construcci\u00f3n de dos avenidas laterales a la pista del antiguo aeropuerto, la cual ser\u00eda demolida, para \u00e1rea verde.<\/p>\n<p class=\"m_299367696538511289gmail-MsoNormal\">El decreto 194-04 del 9 de marzo del 2004, permit\u00edo la declaratoria de utilidad p\u00fablica, de los terrenos que en ese momento no eran para\u00a0 del Parque Central.<\/p>\n<p class=\"m_299367696538511289gmail-MsoNormal\">El 30 de marzo del 2005, el presidente del Leonel Fern\u00e1ndez Reyna y el ministro de Obras P\u00fablicas, Max Puig, anecabezaron el ritual del\u00a0 primer pizazo para la obra, pero no se avanz\u00f3, porque apenas meses depues, los trabajos fueron paralizados, por las controversias sobre presupuesto del paisajismo de unos RD$ 400 millones que se le pagar\u00edan\u00a0 a la decoradora,\u00a0 Margarita G\u00f3mez.<\/p>\n<p class=\"m_299367696538511289gmail-MsoNormal\">En\u00a0 2008, un cuerdo con el Ministerio de Obras P\u00fablicas, ech\u00f3 andar el proyecto, pero se detuvo, apenas d\u00edas despu\u00e9s y se contempl\u00f3\u00a0 un segundo dise\u00f1\u00f3 para usar la pista del viejo aeropueto como la avenida central, en vez de dos avenidas laterales, como hab\u00eda pensado el arquitecto Mor\u00e9 y se dio paso a la arborizaci\u00f3n.<\/p>\n<p class=\"m_299367696538511289gmail-MsoNormal\">En agosto del 2009 el arquitecto brasile\u00f1o Jaime Lerner, vino a Santiago, para tratar el caso del\u00a0 Parque Central y otros\u00a0 temas,\u00a0 hizo algunas recomendaciones sobre el proyecto y en 2010, el Patronato del Parque Central y el Ministerio de Obras P\u00fablicas, estuvieron de acuerdo con las ideas de un nuevo \u00a0dise\u00f1o \u00a0de Lerner.<\/p>\n<p class=\"m_299367696538511289gmail-MsoNormal\">El\u00a0 02 de agosto del 2010, se conret\u00f3 la autorizaci\u00f3n de uso de suelo por la Oficina Municipal de Planeamiento Urbano del Municipio de Santiago y se procedi\u00f3 a la presentaci\u00f3n del proyecto de Jaime Lerner al entonces candidato presidencial, Danilo Medina, en julio del 2011.<\/p>\n<p class=\"m_299367696538511289gmail-MsoNormal\">En \u00a0febrero del 2012 de los trabajos del Parque Central, fueron retomados, pero\u00a0 solo se trabaj\u00f3\u00a0 hasta mayo, de ese mismo a\u00f1o.<\/p>\n<p class=\"m_299367696538511289gmail-MsoNormal\">En octubre del 2012, el presidente \u00a0Danilo Medina, estuvo en el Parque Central de Santiago, en una de\u00a0 sus \u201cvisitas sorpresas\u201d, para tocar el tema con empresarios locales.<\/p>\n<p class=\"m_299367696538511289gmail-MsoNormal\">Entre febrero y mayo del 2013, se produjo la\u00a0 elaboraci\u00f3n del Plan de Ordenamiento de uso de suelo del entorno del Parque Central, de mediante acuerdo, entre el Patronato Parque Central de Santiago, la Asociaci\u00f3n para el Desarrollo, Inc., el Ayuntamiento de Santiago y la Corporaci\u00f3n Zona Franca Santiago.<\/p>\n<p class=\"m_299367696538511289gmail-MsoNormal\">En junio del 2015, aprobaci\u00f3n de un nuevo dise\u00f1o por parte del Patronato, el cual fue entregado al Ministerio de Obras P\u00fablicas.<\/p>\n<p class=\"m_299367696538511289gmail-MsoNormal\">Entre mediado del 2015 hasta marzo del 2016, se trabaj\u00f3 en la construcci\u00f3n del parque, con el nuevo dise\u00f1o.<\/p>\n<p class=\"m_299367696538511289gmail-MsoNormal\">El asfaltado de parte de la pista por autorizaci\u00f3n de Obras P\u00fablicas, se inici\u00f3 en marzo del 2017, este proceso estuvo listo para mayo del 2017,<\/p>\n<p class=\"m_299367696538511289gmail-MsoNormal\">El 15 de junio del 2017, se iniciaron los trabajos de la construcci\u00f3n de la verja del Parque Central el 15 de junio del 2017.<\/p>\n<p class=\"m_299367696538511289gmail-MsoNormal\">Entre agosto y septiembre del 2017, la Edenorte Dominicana, trabajaj\u00f3 en la iluminaci\u00f3n de la pista del parque y las zonas de aparcamiento.<\/p>\n<p class=\"m_299367696538511289gmail-MsoNormal\">El \u00a0conflicto con el alcalde Abel Mart\u00ednez, se produjo, cuando el funcionario, quien es parte del Patronato del Parque Central, orden\u00f3 paralizar la obra el 17 de noviembre del 2017, quien aleg\u00f3 que la paralizaci\u00f3n del Parque Central de Santiago se hizo por el mismo no contar con los permisos correspondientes y por la intenci\u00f3n de privatizarlo por parte de empresarios.<\/p>\n<p class=\"m_299367696538511289gmail-MsoNormal\">Los ministerios de Obras P\u00fablicas\u00a0 y Medio Ambiente,\u00a0 aclararon la situaci\u00f3n y reomtaron\u00a0 los trabajos, 10 d\u00edas despues, pero una vez m\u00e1s fueron impedidos por las brigadas del Ayuntamiento.<\/p>\n<p class=\"m_299367696538511289gmail-MsoNormal\">Los \u00a0d\u00edas 28 y 29 de noviembre del 2017, esta vez, incautaron equipos \u00a0veh\u00edculos y materiales, seg\u00fan la denuncia de los representativos de APEDI. El Gobierno respondi\u00f3\u00a0 con el reinicio de los trabajos, pero el Ayuntamiento intim\u00f3 a la APEDI,\u00a0 para que esta respondiera una serie de peticiones, como\u00a0listado de los permisos solicitados y autorizados por el Ayuntamiento para el levantamiento de las construcciones en el Parque Central, relaci\u00f3n de los aportes recibidos de instituciones p\u00fablicas y privadas, nacionales o extranjera, relaci\u00f3n de los aportes recibidos por concepto de cobro de alquiler o renta del parque, tarifas de los alquileres o renta.<\/p>\n<p class=\"m_299367696538511289gmail-MsoNormal\">Los representativos de la \u00a0APEDI en su calidad de presidente del Patronato del Parque Central, respondieron a la Alcald\u00eda de Santiago, mediante acto de alguacil el 5 de diciembre del 2017.<\/p>\n<p class=\"m_299367696538511289gmail-MsoNormal\">\u00a0Antea la situaci\u00f3n presentada el Patronato\u00a0 convoc\u00f3 a una reuni\u00f3n y llam\u00f3 a que asistieran los tirulares, para tratar los temas que tienen que ver con el proyecto, esta el alcalde Abel Mart\u00ednez, no envi\u00f3 a su vocero personal, Fernando Ram\u00edrez y se present\u00f3 al conclave.<\/p>\n<p><a href=\"https:\/\/acento.com.do\/wp-content\/uploads\/Decreto-126-01-Crea-e-Integra-Patronato-Parque-Central-Deroga-el-303-00.pdf\">Decreto 126-01, Crea e Integra Patronato Parque Central Deroga el 303 00<\/a>\u00a0<a href=\"https:\/\/acento.com.do\/wp-content\/uploads\/Decreto-185-00-Traslado-Aeropuerto-a-Uveral-Licey.pdf\">Decreto 185-00 Traslado Aeropuerto a Uveral Licey<\/a>\u00a0<a href=\"https:\/\/acento.com.do\/wp-content\/uploads\/Decreto-194-04-Declara-Utilidad-P%C3%BAblica-Terrenos-y-Mejoras-Parque-Central.pdf\">Decreto 194-04 Declara Utilidad P\u00fablica Terrenos y Mejoras Parque Central<\/a>\u00a0<a href=\"https:\/\/acento.com.do\/wp-content\/uploads\/Decreto-383-00-Crea-e-Integra-Patronato-Mirador-Ecol%C3%B3gico-Parque-Central.pdf\">Decreto 383-00, Crea e Integra Patronato Mirador Ecol\u00f3gico \u2013 Parque Central<\/a>\u00a0<a href=\"https:\/\/acento.com.do\/wp-content\/uploads\/Decreto-533-02-Traslado-APEDI-a-Antiguo-Aeropuerto.pdf\">Decreto 533-02 Traslado APEDI a Antiguo Aeropuerto<\/a><a href=\"https:\/\/acento.com.do\/wp-content\/uploads\/Decreto-539-02-Integra-al-Patronato-Parque-Central-a-PUCMM-UTESA-y-Senador.pdf\">Decreto 539-02 Integra al Patronato Parque Central a PUCMM UTESA y Senador<\/a><\/p>\n<\/div>\n<p><!--more--><\/p>\n<p><!--more--><\/p>\n<div class=\"share-buttons-container\"><\/div>\n<p>Impactos: 161<\/p>","protected":false},"excerpt":{"rendered":"<p>M\u00e1ximo Laureano SANTIAGO DE LOS CABALLEROS.-Seg\u00fan datos del Consejo para del Desarrollo Estrat\u00e9gico de Santiago (CDES), en 2005, el Parque Central llevar\u00eda las \u00e1reas<\/p>\n","protected":false},"author":3,"featured_media":223,"comment_status":"open","ping_status":"closed","sticky":false,"template":"","format":"standard","meta":[],"categories":[9],"tags":[],"_links":{"self":[{"href":"https:\/\/hormigaradio.com\/index.php?rest_route=\/wp\/v2\/posts\/219"}],"collection":[{"href":"https:\/\/hormigaradio.com\/index.php?rest_route=\/wp\/v2\/posts"}],"about":[{"href":"https:\/\/hormigaradio.com\/index.php?rest_route=\/wp\/v2\/types\/post"}],"author":[{"embeddable":true,"href":"https:\/\/hormigaradio.com\/index.php?rest_route=\/wp\/v2\/users\/3"}],"replies":[{"embeddable":true,"href":"https:\/\/hormigaradio.com\/index.php?rest_route=%2Fwp%2Fv2%2Fcomments&post=219"}],"version-history":[{"count":2,"href":"https:\/\/hormigaradio.com\/index.php?rest_route=\/wp\/v2\/posts\/219\/revisions"}],"predecessor-version":[{"id":242,"href":"https:\/\/hormigaradio.com\/index.php?rest_route=\/wp\/v2\/posts\/219\/revisions\/242"}],"wp:featuredmedia":[{"embeddable":true,"href":"https:\/\/hormigaradio.com\/index.php?rest_route=\/wp\/v2\/media\/223"}],"wp:attachment":[{"href":"https:\/\/hormigaradio.com\/index.php?rest_route=%2Fwp%2Fv2%2Fmedia&parent=219"}],"wp:term":[{"taxonomy":"category","embeddable":true,"href":"https:\/\/hormigaradio.com\/index.php?rest_route=%2Fwp%2Fv2%2Fcategories&post=219"},{"taxonomy":"post_tag","embeddable":true,"href":"https:\/\/hormigaradio.com\/index.php?rest_route=%2Fwp%2Fv2%2Ftags&post=219"}],"curies":[{"name":"wp","href":"https:\/\/api.w.org\/{rel}","templated":true}]}}