{"id":22308,"date":"2024-12-25T05:55:20","date_gmt":"2024-12-25T05:55:20","guid":{"rendered":"https:\/\/hormigaradio.com\/?p=22308"},"modified":"2024-12-25T05:58:14","modified_gmt":"2024-12-25T05:58:14","slug":"abinader-visita-zonas-afectadas-por-las-lluvias-en-puerto-plata","status":"publish","type":"post","link":"https:\/\/hormigaradio.com\/?p=22308","title":{"rendered":"ABINADER VISITA ZONAS AFECTADAS POR LAS LLUVIAS EN PUERTO PLATA"},"content":{"rendered":"<p><img loading=\"lazy\" class=\"alignnone wp-image-15152\" src=\"http:\/\/hormigaradio.com\/wp-content\/uploads\/2022\/01\/FIRMA-para-Hormiga-Radio-300x158.jpeg\" alt=\"\" width=\"80\" height=\"42\" \/><\/p>\n<p>El presidente Luis Abinader se traslad\u00f3 hoy a la provincia de Puerto Plata para evaluar los da\u00f1os ocasionados por las intensas lluvias e inundaciones que han afectado a miles de familias en esta provincia, as\u00ed como para coordinar soluciones inmediatas junto a las autoridades locales y representantes gubernamentales.<\/p>\n<p>Durante su visita a esta provincia, el mandatario se reuni\u00f3 en la Gobernaci\u00f3n con las principales autoridades, acompa\u00f1ado por el ministro de la Presidencia, Jos\u00e9 Ignacio Paliza; la directora del Plan de Asistencia Social de la Presidencia, Yadira Henr\u00edquez; la senadora Ginette Bournigal; la gobernadora Claritza Rochtte; adem\u00e1s de legisladores, alcaldes, viceministros y organismos de socorro.<\/p>\n<div style=\"width: 715px;\" class=\"wp-video\"><!--[if lt IE 9]><script>document.createElement('video');<\/script><![endif]-->\n<video class=\"wp-video-shortcode\" id=\"video-22308-1\" width=\"715\" height=\"405\" preload=\"metadata\" controls=\"controls\"><source type=\"video\/mp4\" src=\"http:\/\/hormigaradio.com\/wp-content\/uploads\/2024\/12\/WhatsApp-Video-2024-12-24-at-5.53.00-PM.mp4?_=1\" \/><a href=\"http:\/\/hormigaradio.com\/wp-content\/uploads\/2024\/12\/WhatsApp-Video-2024-12-24-at-5.53.00-PM.mp4\">http:\/\/hormigaradio.com\/wp-content\/uploads\/2024\/12\/WhatsApp-Video-2024-12-24-at-5.53.00-PM.mp4<\/a><\/video><\/div>\n<p>En este encuentro, se delinearon estrategias para atender a las familias afectadas y habilitar infraestructuras obstruidas por deslizamientos, adem\u00e1s de suministrar raciones alimenticias crudas y cocidas, de igual forma la disposici\u00f3n de fondos econ\u00f3micos dispuestos por el presidente que ser\u00e1n distribuidos a los ayuntamientos de los municipios y distritos para dar respuestas a las necesidades m\u00e1s urgentes.<\/p>\n<p>El presidente inform\u00f3 que, en los \u00faltimos 50 d\u00edas, Puerto Plata ha recibido precipitaciones equivalentes a un a\u00f1o de lluvias, lo que ha generado deslizamientos de tierra, obstrucciones de v\u00edas y otros da\u00f1os significativos. \u201cEstamos movilizando todos los equipos necesarios para despejar carreteras, garantizar el tr\u00e1nsito y restablecer la normalidad en las comunidades afectadas. A partir del 26 de diciembre, todas las instituciones del gobierno estar\u00e1n desplegadas en la provincia para completar estos trabajos\u201d, asegur\u00f3.<\/p>\n<p>Adem\u00e1s, Abinader reafirm\u00f3 su compromiso de atender problemas hist\u00f3ricos de la provincia, previamente identificados en el Consejo de Gobierno realizado meses atr\u00e1s. Entre las \u00e1reas priorizadas mencion\u00f3 Sosua, Cabarete y Sabaneta de Y\u00e1sica donde llegar\u00e1 el gobierno con todos los planes de asistencia social.<\/p>\n<p>El gobierno ha movilizado equipos de asistencia inmediata, coordinados por la Defensa Civil y el gabinete social, para garantizar la seguridad de las familias, evitar la p\u00e9rdida de vidas humanas y distribuir alimentos y suministros esenciales.<\/p>\n<p>El presidente indic\u00f3 que en este momento la prioridad es atender necesidades b\u00e1sicas hasta que las lluvias disminuyan para iniciar con acciones concretas. \u201cNuestra prioridad es proteger a las comunidades vulnerables, ofrecerles apoyo en este momento cr\u00edtico y trabajar para que superen esta situaci\u00f3n con dignidad\u201d, expres\u00f3 el mandatario, destacando el compromiso del gobierno de mitigar los da\u00f1os y garantizar soluciones efectivas a corto y largo plazo.<\/p>\n<p>El ministro de la presidencia, Jos\u00e9 Ignacio Paliza indic\u00f3 que el gobierno trabajar\u00e1 de manera conjunta para atender y dar respuesta inmediata, priorizando las urgencias y luego se proceder\u00e1 a dar respuestas a las de menor riesgo.<\/p>\n<p>Impactos: 34<\/p>","protected":false},"excerpt":{"rendered":"<p>El presidente Luis Abinader se traslad\u00f3 hoy a la provincia de Puerto Plata para evaluar los da\u00f1os ocasionados por las intensas lluvias e inundaciones<\/p>\n","protected":false},"author":3,"featured_media":22312,"comment_status":"closed","ping_status":"closed","sticky":false,"template":"","format":"standard","meta":[],"categories":[3],"tags":[],"_links":{"self":[{"href":"https:\/\/hormigaradio.com\/index.php?rest_route=\/wp\/v2\/posts\/22308"}],"collection":[{"href":"https:\/\/hormigaradio.com\/index.php?rest_route=\/wp\/v2\/posts"}],"about":[{"href":"https:\/\/hormigaradio.com\/index.php?rest_route=\/wp\/v2\/types\/post"}],"author":[{"embeddable":true,"href":"https:\/\/hormigaradio.com\/index.php?rest_route=\/wp\/v2\/users\/3"}],"replies":[{"embeddable":true,"href":"https:\/\/hormigaradio.com\/index.php?rest_route=%2Fwp%2Fv2%2Fcomments&post=22308"}],"version-history":[{"count":3,"href":"https:\/\/hormigaradio.com\/index.php?rest_route=\/wp\/v2\/posts\/22308\/revisions"}],"predecessor-version":[{"id":22313,"href":"https:\/\/hormigaradio.com\/index.php?rest_route=\/wp\/v2\/posts\/22308\/revisions\/22313"}],"wp:featuredmedia":[{"embeddable":true,"href":"https:\/\/hormigaradio.com\/index.php?rest_route=\/wp\/v2\/media\/22312"}],"wp:attachment":[{"href":"https:\/\/hormigaradio.com\/index.php?rest_route=%2Fwp%2Fv2%2Fmedia&parent=22308"}],"wp:term":[{"taxonomy":"category","embeddable":true,"href":"https:\/\/hormigaradio.com\/index.php?rest_route=%2Fwp%2Fv2%2Fcategories&post=22308"},{"taxonomy":"post_tag","embeddable":true,"href":"https:\/\/hormigaradio.com\/index.php?rest_route=%2Fwp%2Fv2%2Ftags&post=22308"}],"curies":[{"name":"wp","href":"https:\/\/api.w.org\/{rel}","templated":true}]}}