{"id":22332,"date":"2024-12-27T14:20:39","date_gmt":"2024-12-27T14:20:39","guid":{"rendered":"https:\/\/hormigaradio.com\/?p=22332"},"modified":"2024-12-27T14:23:23","modified_gmt":"2024-12-27T14:23:23","slug":"la-respuesta-es-no-dice-mulino-ante-exigencia-de-trump-de-bajar-los-peajes-del-canal","status":"publish","type":"post","link":"https:\/\/hormigaradio.com\/?p=22332","title":{"rendered":"&#8216;LA RESPUESTA ES NO&#8217;, DICE MULINO ANTE EXIGENCIA DE TRUMP DE BAJAR LOS PEAJES DEL CANAL"},"content":{"rendered":"<figure><a title=\"Efe\" href=\"https:\/\/acento.com.do\/autor\/efe.html\"><img class=\"i-amphtml-fill-content i-amphtml-replaced-content\" src=\"https:\/\/media.acento.com.do\/media\/storage02\/uploads\/2023\/06\/Coverimage-user-efe-1-50x50.webp\" alt=\"Efe\" \/><\/a><\/figure>\n<div class=\"extra-holder\">\n<p>Por\u00a0<span class=\"name font-700\"><a title=\"Efe\" href=\"https:\/\/acento.com.do\/autor\/efe.html\">Efe<\/a><\/span><\/p>\n<div class=\"flex-container align-center\">El mandatario de Panam\u00e1, <strong>Jos\u00e9 Ra\u00fal Mulino<\/strong>, dijo este jueves que los peajes del canal interoce\u00e1nico no se van a rebajar tras la queja del presidente electo de EE.UU.,\u00a0<strong>Donald Trump<\/strong>, de que son una\u00a0<a href=\"https:\/\/acento.com.do\/internacional\/trump-denuncia-una-estafa-del-canal-de-panama-e-insiste-en-que-exigira-su-devolucion-9437527.html\">&#8220;estafa&#8221;<\/a>\u00a0y de que amenazara con reclamar la devoluci\u00f3n de la v\u00eda a manos estadounidenses.<\/div>\n<\/div>\n<p>&#8220;No, la respuesta es no (\u2026) los peajes no se hacen al antojo de los presidentes (de Panam\u00e1) y del administrador&#8221; de la v\u00eda, se fijan en un &#8220;proceso p\u00fablico y abierto&#8221; en el que participan clientes y otros actores, declar\u00f3 el mandatario.<\/p>\n<p>As\u00ed,\u00a0<strong>Mulino<\/strong>\u00a0record\u00f3 que &#8220;hace unos a\u00f1os&#8221; en una de esas audiencias p\u00fablicas para debatir los peajes de la v\u00eda &#8220;el reclamo, las posiciones de los pa\u00edses usuarios, fren\u00f3 el aumento (del precio) e hizo una reconfiguraci\u00f3n del peaje en funci\u00f3n de lo que correspond\u00eda en ese momento y todo el mundo qued\u00f3 de acuerdo&#8221;.<\/p>\n<p>El jefe de Estado, que asumi\u00f3 el poder el pasado 1 de julio, recalc\u00f3 adem\u00e1s que mientras el canal fue operado por Estados Unidos, &#8220;era una miseria lo que nos pagaban (al Estado paname\u00f1o)&#8221;.<\/p>\n<p>El canal de Panam\u00e1 fue construido por Estados Unidos, que lo inaugur\u00f3 en 1914 y lo administr\u00f3 hasta su traspaso al Estado paname\u00f1o el 31 de diciembre de 1999, como qued\u00f3 establecido en los Tratados Torrijos-Carter firmados el 7 de septiembre de 1977 en Washington por el l\u00edder paname\u00f1o Omar Torrijos (1929-1981) y el presidente estadounidense Jimmy Carter (1977-1981).<\/p>\n<p><strong>Mulino<\/strong>\u00a0destac\u00f3 adem\u00e1s que esperar\u00e1 al 20 de enero, cuando\u00a0<strong>Trump<\/strong>\u00a0asume su segundo mandato, para hablar con el Gobierno de EE.UU. de temas bilaterales importantes, como la migraci\u00f3n ilegal, aunque aclar\u00f3 que, entonces como ahora, &#8220;no existe ninguna posibilidad de hablar nada que busque replantear la realidad jur\u00eddico-pol\u00edtica&#8221; de que el canal es paname\u00f1o.<\/p>\n<p>En temas &#8220;migratorios hay mucho que hablar&#8221;, sobre todo si EE.UU. &#8220;va a mantener el apoyo econ\u00f3mico&#8221; al programa de repatriaci\u00f3n de migrantes que hayan cruzado por el Dari\u00e9n, la selva fronteriza con Colombia usada a diario por transe\u00fantes para llegar a Norteam\u00e9rica, vigente desde julio pasado.<\/p>\n<h2><b>&#8220;Cuando llegue el momento de evaluar su benepl\u00e1cito podr\u00e9 enterarme&#8221;<\/b><\/h2>\n<p><strong>Trump<\/strong>\u00a0anunci\u00f3 el mi\u00e9rcoles la nominaci\u00f3n como embajador en Panam\u00e1 a\u00a0<a href=\"https:\/\/acento.com.do\/internacional\/un-hispano-de-apenas-34-anos-es-el-nominado-por-trump-para-representar-a-ee-uu-en-panama-9438332.html\"><strong>Kevin Marino Cabrera<\/strong><\/a>, actual comisionado del condado de Miami-Dade y &#8220;un feroz luchador&#8221; de los principios de &#8216;Estados Unidos primero'&#8221;.<\/p>\n<p>Al respecto,\u00a0<strong>Mulino<\/strong>\u00a0aleg\u00f3 que no tiene &#8220;nada m\u00e1s que decir&#8221; hasta que &#8220;llegue el momento de evaluar su benepl\u00e1cito&#8221; pues, hasta la v\u00edspera, &#8220;no ten\u00eda ni idea de quien era&#8221;.<\/p>\n<p>&#8220;Vi lo del muchacho embajador, menor que mi hijo. Me sorprendi\u00f3. No tengo m\u00e1s nada que decir. Cuando llegue el momento de evaluar su benepl\u00e1cito pues podr\u00e9 enterarme un poco m\u00e1s de su trayectoria, etc\u00e9tera. Y eso toma todav\u00eda algunos meses&#8221;, aclar\u00f3.<\/p>\n<h2><b>&#8220;No hay chinos en el canal&#8221;<\/b><\/h2>\n<p><strong>Mulino<\/strong>\u00a0reiter\u00f3 que en el canal de Panam\u00e1 no hay &#8220;injerencias&#8221; de China, tras la insistencia de\u00a0<strong>Trump<\/strong>\u00a0sobre la presencia de soldados chinos. El presidente paname\u00f1o tambi\u00e9n apunt\u00f3 que esas afirmaciones &#8220;pueden ser temores geopol\u00edticos&#8221;.<\/p>\n<p>&#8220;No hay chinos en el canal. Tan sencillo como eso. Ni chinos ni de ninguna otra potencia est\u00e1n en el canal. Si hay alg\u00fan chino por ah\u00ed es el que va a bordo de alg\u00fan crucero o los que van a pararse en el centro de visitantes como turistas (\u2026) Pero, reitero, no hay absolutamente ninguna injerencia ni participaci\u00f3n china en nada de lo que tiene que ver con el canal de Panam\u00e1. Pueden ser temores geopol\u00edticos&#8221;, apunt\u00f3.<\/p>\n<p><strong>Trump<\/strong>\u00a0gener\u00f3 un gran revuelo el pasado fin de semana cuando amenaz\u00f3 con recuperar el control estadounidense sobre el canal de Panam\u00e1 si las autoridades del pa\u00eds centroamericano no reducen las tarifas que cobran para su tr\u00e1nsito.<\/p>\n<p>El presidente paname\u00f1o<a href=\"https:\/\/acento.com.do\/internacional\/el-canal-es-de-panama-y-lo-seguira-siendo-dice-presidente-mulino-tras-amenaza-de-trump-9437534.html\">\u00a0repudi\u00f3 la amenaza<\/a>\u00a0en un mensaje institucional y dijo que la soberan\u00eda del canal transoce\u00e1nico es innegociable, algo que recibi\u00f3 el respaldo de varios l\u00edderes latinoamericanos.<\/p>\n<p>Impactos: 33<\/p>","protected":false},"excerpt":{"rendered":"<p>Por\u00a0Efe El mandatario de Panam\u00e1, Jos\u00e9 Ra\u00fal Mulino, dijo este jueves que los peajes del canal interoce\u00e1nico no se van a rebajar tras la<\/p>\n","protected":false},"author":3,"featured_media":22334,"comment_status":"closed","ping_status":"closed","sticky":false,"template":"","format":"standard","meta":[],"categories":[22],"tags":[],"_links":{"self":[{"href":"https:\/\/hormigaradio.com\/index.php?rest_route=\/wp\/v2\/posts\/22332"}],"collection":[{"href":"https:\/\/hormigaradio.com\/index.php?rest_route=\/wp\/v2\/posts"}],"about":[{"href":"https:\/\/hormigaradio.com\/index.php?rest_route=\/wp\/v2\/types\/post"}],"author":[{"embeddable":true,"href":"https:\/\/hormigaradio.com\/index.php?rest_route=\/wp\/v2\/users\/3"}],"replies":[{"embeddable":true,"href":"https:\/\/hormigaradio.com\/index.php?rest_route=%2Fwp%2Fv2%2Fcomments&post=22332"}],"version-history":[{"count":1,"href":"https:\/\/hormigaradio.com\/index.php?rest_route=\/wp\/v2\/posts\/22332\/revisions"}],"predecessor-version":[{"id":22333,"href":"https:\/\/hormigaradio.com\/index.php?rest_route=\/wp\/v2\/posts\/22332\/revisions\/22333"}],"wp:featuredmedia":[{"embeddable":true,"href":"https:\/\/hormigaradio.com\/index.php?rest_route=\/wp\/v2\/media\/22334"}],"wp:attachment":[{"href":"https:\/\/hormigaradio.com\/index.php?rest_route=%2Fwp%2Fv2%2Fmedia&parent=22332"}],"wp:term":[{"taxonomy":"category","embeddable":true,"href":"https:\/\/hormigaradio.com\/index.php?rest_route=%2Fwp%2Fv2%2Fcategories&post=22332"},{"taxonomy":"post_tag","embeddable":true,"href":"https:\/\/hormigaradio.com\/index.php?rest_route=%2Fwp%2Fv2%2Ftags&post=22332"}],"curies":[{"name":"wp","href":"https:\/\/api.w.org\/{rel}","templated":true}]}}