{"id":22366,"date":"2025-01-07T14:10:07","date_gmt":"2025-01-07T14:10:07","guid":{"rendered":"https:\/\/hormigaradio.com\/?p=22366"},"modified":"2025-01-07T14:10:07","modified_gmt":"2025-01-07T14:10:07","slug":"tres-meses-de-prision-preventiva-a-hombre-que-mato-a-su-pareja","status":"publish","type":"post","link":"https:\/\/hormigaradio.com\/?p=22366","title":{"rendered":"TRES MESES DE PRISI\u00d3N PREVENTIVA A HOMBRE QUE MAT\u00d3 A SU PAREJA"},"content":{"rendered":"<p><img loading=\"lazy\" class=\"size-medium wp-image-14709 alignleft\" src=\"http:\/\/hormigaradio.com\/wp-content\/uploads\/2021\/12\/palacio-de-Santiago-300x169.jpeg\" alt=\"\" width=\"300\" height=\"169\" srcset=\"https:\/\/hormigaradio.com\/wp-content\/uploads\/2021\/12\/palacio-de-Santiago-300x169.jpeg 300w, https:\/\/hormigaradio.com\/wp-content\/uploads\/2021\/12\/palacio-de-Santiago-768x432.jpeg 768w, https:\/\/hormigaradio.com\/wp-content\/uploads\/2021\/12\/palacio-de-Santiago.jpeg 1024w, https:\/\/hormigaradio.com\/wp-content\/uploads\/2021\/12\/palacio-de-Santiago-715x400.jpeg 715w\" sizes=\"(max-width: 300px) 100vw, 300px\" \/>Por: <a title=\"M\u00e1ximo Laureano\" href=\"https:\/\/acento.com.do\/autor\/mlaureano.html\">M\u00e1ximo Laureano<\/a><\/p>\n<p>El juez del departamento de Atenci\u00f3n Permanente del distrito judicial de Santiago, Job Garc\u00eda Hurtado, decidi\u00f3 tres meses de\u00a0<strong>prisi\u00f3n preventiva<\/strong>\u00a0como medida de coerci\u00f3n en contra de un hombre que habr\u00eda matado a su pareja .<\/p>\n<p>El investigado que va a prisi\u00f3n es\u00a0<strong>Jos\u00e9 Manuel Matos V\u00e1squez<\/strong>\u00a0de 45 a\u00f1os de edad, quien habr\u00eda matado a \u00a0su pareja,\u00a0<strong>Jennifer Milagros Pe\u00f1a<\/strong>\u00a0de 43 de edad, \u00a0el pasado 31 de diciembre en el barrio La Cambronal, en Santiago.<\/p>\n<p>El juez determin\u00f3 que el imputado deber\u00e1 cumplir el per\u00edodo de la coerci\u00f3n en el Centro de Correcci\u00f3n y Rehabilitaci\u00f3n\u00a0<strong>Rafey Hombres<\/strong>\u00a0en Santiago.<\/p>\n<p>Tras el fallo de prisi\u00f3n preventiva para Matos V\u00e1squez, familiares de la mujer fallecida, manifestaron que esperan que se haga justicia en el caso.<\/p>\n<p>Tambi\u00e9n afirmaron que entre la pareja \u00a0hab\u00eda un historial maltratos en contra de la mujer.<\/p>\n<p>Impactos: 38<\/p>","protected":false},"excerpt":{"rendered":"<p>Por: M\u00e1ximo Laureano El juez del departamento de Atenci\u00f3n Permanente del distrito judicial de Santiago, Job Garc\u00eda Hurtado, decidi\u00f3 tres meses de\u00a0prisi\u00f3n preventiva\u00a0como medida<\/p>\n","protected":false},"author":3,"featured_media":14709,"comment_status":"closed","ping_status":"closed","sticky":false,"template":"","format":"standard","meta":[],"categories":[3],"tags":[],"_links":{"self":[{"href":"https:\/\/hormigaradio.com\/index.php?rest_route=\/wp\/v2\/posts\/22366"}],"collection":[{"href":"https:\/\/hormigaradio.com\/index.php?rest_route=\/wp\/v2\/posts"}],"about":[{"href":"https:\/\/hormigaradio.com\/index.php?rest_route=\/wp\/v2\/types\/post"}],"author":[{"embeddable":true,"href":"https:\/\/hormigaradio.com\/index.php?rest_route=\/wp\/v2\/users\/3"}],"replies":[{"embeddable":true,"href":"https:\/\/hormigaradio.com\/index.php?rest_route=%2Fwp%2Fv2%2Fcomments&post=22366"}],"version-history":[{"count":1,"href":"https:\/\/hormigaradio.com\/index.php?rest_route=\/wp\/v2\/posts\/22366\/revisions"}],"predecessor-version":[{"id":22367,"href":"https:\/\/hormigaradio.com\/index.php?rest_route=\/wp\/v2\/posts\/22366\/revisions\/22367"}],"wp:featuredmedia":[{"embeddable":true,"href":"https:\/\/hormigaradio.com\/index.php?rest_route=\/wp\/v2\/media\/14709"}],"wp:attachment":[{"href":"https:\/\/hormigaradio.com\/index.php?rest_route=%2Fwp%2Fv2%2Fmedia&parent=22366"}],"wp:term":[{"taxonomy":"category","embeddable":true,"href":"https:\/\/hormigaradio.com\/index.php?rest_route=%2Fwp%2Fv2%2Fcategories&post=22366"},{"taxonomy":"post_tag","embeddable":true,"href":"https:\/\/hormigaradio.com\/index.php?rest_route=%2Fwp%2Fv2%2Ftags&post=22366"}],"curies":[{"name":"wp","href":"https:\/\/api.w.org\/{rel}","templated":true}]}}