{"id":22368,"date":"2025-01-07T14:20:17","date_gmt":"2025-01-07T14:20:17","guid":{"rendered":"https:\/\/hormigaradio.com\/?p=22368"},"modified":"2025-01-07T14:20:17","modified_gmt":"2025-01-07T14:20:17","slug":"denuncian-internan-reclusos-afectados-por-supuesta-sobredosis-de-drogas","status":"publish","type":"post","link":"https:\/\/hormigaradio.com\/?p=22368","title":{"rendered":"DENUNCIAN INTERNAN RECLUSOS AFECTADOS POR SUPUESTA SOBREDOSIS DE DROGAS"},"content":{"rendered":"<p><img loading=\"lazy\" class=\"size-full wp-image-22369 alignleft\" src=\"http:\/\/hormigaradio.com\/wp-content\/uploads\/2025\/01\/moca.jpg\" alt=\"\" width=\"281\" height=\"180\" srcset=\"https:\/\/hormigaradio.com\/wp-content\/uploads\/2025\/01\/moca.jpg 281w, https:\/\/hormigaradio.com\/wp-content\/uploads\/2025\/01\/moca-115x73.jpg 115w\" sizes=\"(max-width: 281px) 100vw, 281px\" \/>Por\u00a0<span class=\"name font-700\"><a title=\"M\u00e1ximo Laureano\" href=\"https:\/\/acento.com.do\/autor\/mlaureano.html\">M\u00e1ximo Laureano<\/a><\/span><\/p>\n<p>El activista social de Moca, Juanchy Compr\u00e9s, denunci\u00f3 que una presunta competencia de consumo de\u00a0<strong>drogas\u00a0<\/strong>en el centro penitenciario de\u00a0<strong>La Isleta<\/strong>, en Moca, habr\u00eda afectado a varios internos quienes debieron ser llevados al hospital.<\/p>\n<p>Seg\u00fan ha dicho Compr\u00e9s, uno de los internos hospitalizados est\u00e1 en condiciones cr\u00edtica y llam\u00f3 la atenci\u00f3n de las autoridades para que se investigue el caso.<\/p>\n<p><iframe loading=\"lazy\" title=\"Activista social Juanchy Compr\u00e9s denuncia presunta competencia de consumo de drogas en c\u00e1rcel de Moca\" src=\"https:\/\/player.vimeo.com\/video\/1044507765?title=0&amp;amp;byline=0\" width=\"800\" height=\"1000\" frameborder=\"0\" data-mce-fragment=\"1\"><\/iframe><\/p>\n<p>\u201cEste acto irresponsable habr\u00eda provocado que varios reclusos fueran trasladados de emergencia al hospital, incluyendo al joven Edward Cruz Garc\u00eda, de solo 23 a\u00f1os, quien actualmente se encuentra en cuidados intensivos\u201d, dijo el activista social del grupo Los Peregrinos.<\/p>\n<p>Juanchy Compr\u00e9s, tambi\u00e9n denunci\u00f3 que en el penal las c\u00e1maras de vigilancia no est\u00e1n en funcionamiento desde hace mucho tiempo y que esto genera que ocurran cosas que no pueden ser advertidas.<\/p>\n<p>\u201cEs inconcebible que en un lugar destinado a la reintegraci\u00f3n social de los privados de libertad, se convierta en un escenario de problemas , expres\u00f3.<\/p>\n<p>Impactos: 35<\/p>","protected":false},"excerpt":{"rendered":"<p>Por\u00a0M\u00e1ximo Laureano El activista social de Moca, Juanchy Compr\u00e9s, denunci\u00f3 que una presunta competencia de consumo de\u00a0drogas\u00a0en el centro penitenciario de\u00a0La Isleta, en Moca,<\/p>\n","protected":false},"author":3,"featured_media":22369,"comment_status":"closed","ping_status":"closed","sticky":false,"template":"","format":"standard","meta":[],"categories":[3],"tags":[],"_links":{"self":[{"href":"https:\/\/hormigaradio.com\/index.php?rest_route=\/wp\/v2\/posts\/22368"}],"collection":[{"href":"https:\/\/hormigaradio.com\/index.php?rest_route=\/wp\/v2\/posts"}],"about":[{"href":"https:\/\/hormigaradio.com\/index.php?rest_route=\/wp\/v2\/types\/post"}],"author":[{"embeddable":true,"href":"https:\/\/hormigaradio.com\/index.php?rest_route=\/wp\/v2\/users\/3"}],"replies":[{"embeddable":true,"href":"https:\/\/hormigaradio.com\/index.php?rest_route=%2Fwp%2Fv2%2Fcomments&post=22368"}],"version-history":[{"count":1,"href":"https:\/\/hormigaradio.com\/index.php?rest_route=\/wp\/v2\/posts\/22368\/revisions"}],"predecessor-version":[{"id":22370,"href":"https:\/\/hormigaradio.com\/index.php?rest_route=\/wp\/v2\/posts\/22368\/revisions\/22370"}],"wp:featuredmedia":[{"embeddable":true,"href":"https:\/\/hormigaradio.com\/index.php?rest_route=\/wp\/v2\/media\/22369"}],"wp:attachment":[{"href":"https:\/\/hormigaradio.com\/index.php?rest_route=%2Fwp%2Fv2%2Fmedia&parent=22368"}],"wp:term":[{"taxonomy":"category","embeddable":true,"href":"https:\/\/hormigaradio.com\/index.php?rest_route=%2Fwp%2Fv2%2Fcategories&post=22368"},{"taxonomy":"post_tag","embeddable":true,"href":"https:\/\/hormigaradio.com\/index.php?rest_route=%2Fwp%2Fv2%2Ftags&post=22368"}],"curies":[{"name":"wp","href":"https:\/\/api.w.org\/{rel}","templated":true}]}}