{"id":22818,"date":"2025-03-01T02:24:39","date_gmt":"2025-03-01T02:24:39","guid":{"rendered":"https:\/\/hormigaradio.com\/?p=22818"},"modified":"2025-03-01T02:27:25","modified_gmt":"2025-03-01T02:27:25","slug":"abinader-ascendio-a-mas-de-6400-militares-y-separo-a-387-hoy-retiraria-altos-mandos-militares","status":"publish","type":"post","link":"https:\/\/hormigaradio.com\/?p=22818","title":{"rendered":"ABINADER ASCENDI\u00d3 A M\u00c1S DE 6,400 MILITARES Y SEPAR\u00d3 A 387, HOY RETIRAR\u00cdA ALTOS MANDOS MILITARES"},"content":{"rendered":"<div>\n<p>Por\u00a0<span class=\"name font-600\"><a title=\"Juli\u00e1n Herrera\" href=\"https:\/\/acento.com.do\/autor\/julianh.html\">Juli\u00e1n Herrera<\/a><\/span><\/p>\n<p lang=\"ES-MX\"><span lang=\"ES-MX\">El presidente Luis Abinader, en su condici\u00f3n de cabeza del\u00a0<strong>Poder Ejecutivo<\/strong>\u00a0y comandante en jefe de las Fuerzas Armadas, ascendi\u00f3 a m\u00e1s de 6,400 militares y separ\u00f3 a 387 oficiales y alistados de las tres Fuerzas Armadas \u2014Ej\u00e9rcito, Fuerza A\u00e9rea y Armada de la Rep\u00fablica Dominicana\u2014, conforme a su Ley Org\u00e1nica que establece<\/span><span lang=\"ES-MX\">\u00a0ascensos militares durante la celebraci\u00f3n de la Independencia Nacional.<\/span><\/p>\n<\/div>\n<div>\n<p lang=\"ES-MX\"><span lang=\"ES-MX\">Seg\u00fan las \u00f3rdenes generales N.\u00ba 15-2025 (Fuerza A\u00e9rea), OG4-2025 (Ej\u00e9rcito) y otra orden no identificada (Armada),\u00a0fueron ascendidos\u00a01,413, 3,551 y 1,441 miembros, respectivamente. El Ej\u00e9rcito Dominicano realiz\u00f3 el mayor n\u00famero de promociones, mientras que la Armada, la m\u00e1s peque\u00f1a, efectu\u00f3 el menor n\u00famero de ascensos.<\/span><\/p>\n<\/div>\n<div>\n<p lang=\"ES-MX\"><span lang=\"ES-MX\">Los militares ascendidos este jueves, desde rasos hasta tenientes coroneles, fueron evaluados por las comisiones de ascensos, considerando los requisitos establecidos en la normativa militar.<\/span><\/p>\n<\/div>\n<div>\n<p lang=\"ES-MX\"><span lang=\"ES-MX\">En tanto, el presidente Luis\u00a0Abinader\u00a0dispuso el\u00a0retiro de\u00a0383 miembros\u00a0de las Fuerzas Armadas, incluidos oficiales superiores, subalternos y alistados de las\u00a0diferentes instituciones\u00a0castrenses, todos con disfrute de sueldos.<\/span><\/p>\n<section id=\"newsletter\">\n<header class=\"newsletter__header\"><\/header>\n<div class=\"newsletter-search\">\n<form class=\"flex-container flex-wrap align-center justify-between i-amphtml-form\" method=\"post\" novalidate=\"\" target=\"_top\">Al suscribirse al newsletter acepta nuestros <a title=\"T\u00e9rminos y condiciones\" href=\"https:\/\/acento.com.do\/terminos-de-uso.html\">t\u00e9rminos y condiciones<\/a>\u00a0y\u00a0<a title=\"Pol\u00edtica de privacidad\" href=\"https:\/\/acento.com.do\/politica-de-privacidad.html\">pol\u00edtica de privacidad<\/a>.<\/form>\n<\/div>\n<\/section>\n<\/div>\n<div>\n<p lang=\"ES-MX\"><strong><span lang=\"ES-MX\">Se anticipa que este viernes el Poder Ejecutivo realizar\u00e1 los retiros en el alto mando, incluyendo a generales y almirantes.<\/span><\/strong><\/p>\n<\/div>\n<p><iframe loading=\"lazy\" src=\"https:\/\/drive.google.com\/file\/d\/10THH9vm0aucw2V1ao3vzZO4astXzisbZ\/preview\" width=\"640\" height=\"480\" data-mce-fragment=\"1\"><\/iframe><\/p>\n<div class=\"banner-box\">\n<div id=\"div-gpt-ad-1732723518537-6-1\" data-google-query-id=\"CPPpw6vp54sDFc7flAkdhu4iGg\">\n<div id=\"google_ads_iframe_\/5168668\/News_Middle_02_0__container__\"><iframe id=\"google_ads_iframe_\/5168668\/News_Middle_02_0\" tabindex=\"0\" title=\"3rd party ad content\" name=\"google_ads_iframe_\/5168668\/News_Middle_02_0\" width=\"300\" height=\"600\" frameborder=\"0\" marginwidth=\"0\" marginheight=\"0\" scrolling=\"no\" aria-label=\"Advertisement\" data-load-complete=\"true\" data-google-container-id=\"3\" data-mce-fragment=\"1\"><\/iframe><\/div>\n<\/div>\n<\/div>\n<p><iframe loading=\"lazy\" src=\"https:\/\/drive.google.com\/file\/d\/1ni073DYPdoyUXSqtikOtSycTJObgigjR\/preview\" width=\"640\" height=\"480\" data-mce-fragment=\"1\"><\/iframe><\/p>\n<p><iframe loading=\"lazy\" src=\"https:\/\/drive.google.com\/file\/d\/1BgMB4paigL9-KmhSMMH3UkEl5BKJiXH7\/preview\" width=\"640\" height=\"480\" data-mce-fragment=\"1\"><\/iframe><\/p>\n<p>Impactos: 46<\/p>","protected":false},"excerpt":{"rendered":"<p>Por\u00a0Juli\u00e1n Herrera El presidente Luis Abinader, en su condici\u00f3n de cabeza del\u00a0Poder Ejecutivo\u00a0y comandante en jefe de las Fuerzas Armadas, ascendi\u00f3 a m\u00e1s de<\/p>\n","protected":false},"author":3,"featured_media":22787,"comment_status":"closed","ping_status":"closed","sticky":false,"template":"","format":"standard","meta":[],"categories":[3],"tags":[],"_links":{"self":[{"href":"https:\/\/hormigaradio.com\/index.php?rest_route=\/wp\/v2\/posts\/22818"}],"collection":[{"href":"https:\/\/hormigaradio.com\/index.php?rest_route=\/wp\/v2\/posts"}],"about":[{"href":"https:\/\/hormigaradio.com\/index.php?rest_route=\/wp\/v2\/types\/post"}],"author":[{"embeddable":true,"href":"https:\/\/hormigaradio.com\/index.php?rest_route=\/wp\/v2\/users\/3"}],"replies":[{"embeddable":true,"href":"https:\/\/hormigaradio.com\/index.php?rest_route=%2Fwp%2Fv2%2Fcomments&post=22818"}],"version-history":[{"count":4,"href":"https:\/\/hormigaradio.com\/index.php?rest_route=\/wp\/v2\/posts\/22818\/revisions"}],"predecessor-version":[{"id":22822,"href":"https:\/\/hormigaradio.com\/index.php?rest_route=\/wp\/v2\/posts\/22818\/revisions\/22822"}],"wp:featuredmedia":[{"embeddable":true,"href":"https:\/\/hormigaradio.com\/index.php?rest_route=\/wp\/v2\/media\/22787"}],"wp:attachment":[{"href":"https:\/\/hormigaradio.com\/index.php?rest_route=%2Fwp%2Fv2%2Fmedia&parent=22818"}],"wp:term":[{"taxonomy":"category","embeddable":true,"href":"https:\/\/hormigaradio.com\/index.php?rest_route=%2Fwp%2Fv2%2Fcategories&post=22818"},{"taxonomy":"post_tag","embeddable":true,"href":"https:\/\/hormigaradio.com\/index.php?rest_route=%2Fwp%2Fv2%2Ftags&post=22818"}],"curies":[{"name":"wp","href":"https:\/\/api.w.org\/{rel}","templated":true}]}}