{"id":22823,"date":"2025-03-01T03:02:52","date_gmt":"2025-03-01T03:02:52","guid":{"rendered":"https:\/\/hormigaradio.com\/?p=22823"},"modified":"2025-03-01T03:03:29","modified_gmt":"2025-03-01T03:03:29","slug":"presidente-abinader-sostiene-reunion-bilateral-con-el-electo-mandatario-uruguayo-yamandu-orsi-en-montevideo","status":"publish","type":"post","link":"https:\/\/hormigaradio.com\/?p=22823","title":{"rendered":"PRESIDENTE ABINADER SOSTIENE REUNI\u00d3N BILATERAL CON EL ELECTO MANDATARIO URUGUAYO YAMAND\u00da ORSI EN MONTEVIDEO"},"content":{"rendered":"<p><img loading=\"lazy\" class=\"alignnone wp-image-15152\" src=\"http:\/\/hormigaradio.com\/wp-content\/uploads\/2022\/01\/FIRMA-para-Hormiga-Radio-300x158.jpeg\" alt=\"\" width=\"80\" height=\"42\" \/><\/p>\n<p>En el marco de su visita oficial para asistir a la toma de posesi\u00f3n del nuevo presidente de Uruguay, Yamand\u00fa Orsi, el presidente de la Rep\u00fablica Dominicana, Luis Abinader, sostuvo una reuni\u00f3n bilateral con este. La reuni\u00f3n se llev\u00f3 a cabo inmediatamente despu\u00e9s de la llegada del mandatario dominicano a tierras uruguayas.<\/p>\n<p>El presidente Abinader abord\u00f3 con Yamand\u00fa Orsi temas de inter\u00e9s com\u00fan, destacando la importancia de fortalecer los lazos de amistad y cooperaci\u00f3n entre ambos pa\u00edses. El jefe de Estado estuvo acompa\u00f1ado por el exministro de Obras P\u00fablicas, Deligne Ascenci\u00f3n; el embajador dominicano en Uruguay, Fidel Santana; y el senador de la provincia Santo Domingo, Antonio Taveras.<\/p>\n<p>Este encuentro refuerza el compromiso de la Rep\u00fablica Dominicana de mantener relaciones diplom\u00e1ticas s\u00f3lidas y colaborativas con Uruguay.<\/p>\n<p>La participaci\u00f3n del presidente Abinader en la ceremonia de investidura de Yamand\u00fa Orsi, subraya la voluntad de su administraci\u00f3n de apoyar los procesos democr\u00e1ticos en la regi\u00f3n y de estrechar los v\u00ednculos con las naciones hermanas de Am\u00e9rica Latina.<\/p>\n<p>Durante su estancia en Montevideo, el presidente Abinader tambi\u00e9n tiene programadas reuniones con otros l\u00edderes regionales, con el objetivo de promover iniciativas conjuntas en \u00e1reas de desarrollo econ\u00f3mico, infraestructura y cooperaci\u00f3n bilateral.<\/p>\n<p>La visita del presidente Abinader a Uruguay se enmarca en su pol\u00edtica exterior de fortalecer las relaciones con pa\u00edses de Am\u00e9rica Latina y el Caribe, promoviendo la colaboraci\u00f3n en diversos sectores clave para el desarrollo mutuo.<\/p>\n<p>Impactos: 30<\/p>","protected":false},"excerpt":{"rendered":"<p>En el marco de su visita oficial para asistir a la toma de posesi\u00f3n del nuevo presidente de Uruguay, Yamand\u00fa Orsi, el presidente de<\/p>\n","protected":false},"author":3,"featured_media":22825,"comment_status":"closed","ping_status":"closed","sticky":false,"template":"","format":"standard","meta":[],"categories":[3],"tags":[],"_links":{"self":[{"href":"https:\/\/hormigaradio.com\/index.php?rest_route=\/wp\/v2\/posts\/22823"}],"collection":[{"href":"https:\/\/hormigaradio.com\/index.php?rest_route=\/wp\/v2\/posts"}],"about":[{"href":"https:\/\/hormigaradio.com\/index.php?rest_route=\/wp\/v2\/types\/post"}],"author":[{"embeddable":true,"href":"https:\/\/hormigaradio.com\/index.php?rest_route=\/wp\/v2\/users\/3"}],"replies":[{"embeddable":true,"href":"https:\/\/hormigaradio.com\/index.php?rest_route=%2Fwp%2Fv2%2Fcomments&post=22823"}],"version-history":[{"count":1,"href":"https:\/\/hormigaradio.com\/index.php?rest_route=\/wp\/v2\/posts\/22823\/revisions"}],"predecessor-version":[{"id":22824,"href":"https:\/\/hormigaradio.com\/index.php?rest_route=\/wp\/v2\/posts\/22823\/revisions\/22824"}],"wp:featuredmedia":[{"embeddable":true,"href":"https:\/\/hormigaradio.com\/index.php?rest_route=\/wp\/v2\/media\/22825"}],"wp:attachment":[{"href":"https:\/\/hormigaradio.com\/index.php?rest_route=%2Fwp%2Fv2%2Fmedia&parent=22823"}],"wp:term":[{"taxonomy":"category","embeddable":true,"href":"https:\/\/hormigaradio.com\/index.php?rest_route=%2Fwp%2Fv2%2Fcategories&post=22823"},{"taxonomy":"post_tag","embeddable":true,"href":"https:\/\/hormigaradio.com\/index.php?rest_route=%2Fwp%2Fv2%2Ftags&post=22823"}],"curies":[{"name":"wp","href":"https:\/\/api.w.org\/{rel}","templated":true}]}}